{"id":12935,"date":"2022-01-12T22:11:56","date_gmt":"2022-01-13T01:11:56","guid":{"rendered":"http:\/\/www.portalmiradouro.com.br\/site\/?p=12935"},"modified":"2022-01-12T22:11:57","modified_gmt":"2022-01-13T01:11:57","slug":"heineken-em-muriae","status":"publish","type":"post","link":"https:\/\/www.portalmiradouro.com.br\/site\/2022\/01\/12\/heineken-em-muriae\/","title":{"rendered":"Jos\u00e9 Braz apresenta ao governador projeto para instala\u00e7\u00e3o da Heineken em Muria\u00e9"},"content":{"rendered":"<p><a href=\"http:\/\/www.portalmiradouro.com.br\/site\/2022\/01\/12\/heineken-em-muriae\/02-237\/\" rel=\"attachment wp-att-12936\"><img loading=\"lazy\" class=\"aligncenter size-full wp-image-12936\" src=\"http:\/\/www.portalmiradouro.com.br\/site\/wp-content\/uploads\/2022\/01\/02-4.jpeg\" alt=\"\" width=\"370\" height=\"527\" \/><\/a><\/p>\n<p><span style=\"color: #000000;\">O prefeito Jos\u00e9 Braz se reuniu nesta quarta-feira (12) com o governador Romeu Zema, em Belo Horizonte.<\/span><\/p>\n<p><span style=\"color: #000000;\">Acompanhado por seu filho, o deputado estadual Braulio Braz, o prefeito de Muria\u00e9 apresentou a Zema o projeto do munic\u00edpio para receber a f\u00e1brica da cervejaria Heineken, que procura sede para se instalar em Minas Gerais.<\/span><\/p>\n<p><span style=\"color: #000000;\">&#8220;Agrade\u00e7o ao governador pela aten\u00e7\u00e3o que nos dedicou nesta tarde. Acredito muito nas possibilidades de Muria\u00e9 receber a f\u00e1brica da Heineken, pois nossa cidade \u00e9 progressista, est\u00e1 muito bem localizada na regi\u00e3o sudeste e conta com um povo dedicado e trabalhador&#8221;, disse o prefeito.<\/span><\/p>\n<p><span style=\"color: #000000;\">Outras demandas &#8211; Al\u00e9m da apresenta\u00e7\u00e3o do projeto para receber a cervejaria, o prefeito Jos\u00e9 Braz aproveitou a reuni\u00e3o com o governador para solicitar recursos para a realiza\u00e7\u00e3o de obras em Muria\u00e9. As reivindica\u00e7\u00f5es incluem constru\u00e7\u00e3o de pontes e projetos para as \u00e1reas de sa\u00fade e educa\u00e7\u00e3o.<\/span><\/p>\n<p><span style=\"color: #000000;\">Fonte: Ascom da Prefeitura de Muria\u00e9<\/span><\/p>\n","protected":false},"excerpt":{"rendered":"<p>O prefeito Jos\u00e9 Braz se reuniu nesta quarta-feira (12) com o governador Romeu Zema, em Belo Horizonte. Acompanhado por seu filho, o deputado estadual Braulio Braz, o prefeito de Muria\u00e9 apresentou a Zema o projeto do munic\u00edpio para receber a f\u00e1brica da cervejaria Heineken, que procura sede para se instalar em Minas Gerais. &#8220;Agrade\u00e7o ao governador pela aten\u00e7\u00e3o que nos dedicou nesta tarde. Acredito muito nas possibilidades de Muria\u00e9 receber a f\u00e1brica da Heineken, pois nossa cidade \u00e9 progressista, est\u00e1 muito bem localizada na regi\u00e3o sudeste e conta com um povo dedicado e trabalhador&#8221;, disse o prefeito. Outras demandas &#8211; Al\u00e9m da apresenta\u00e7\u00e3o do projeto para receber a cervejaria, o prefeito Jos\u00e9 Braz aproveitou a reuni\u00e3o com o governador para solicitar recursos para a realiza\u00e7\u00e3o de obras em Muria\u00e9. As reivindica\u00e7\u00f5es incluem constru\u00e7\u00e3o de pontes e projetos para as \u00e1reas de sa\u00fade e educa\u00e7\u00e3o. Fonte: Ascom da Prefeitura de Muria\u00e9<\/p>\n","protected":false},"author":2,"featured_media":12937,"comment_status":"open","ping_status":"open","sticky":false,"template":"","format":"standard","meta":{"advgb_blocks_editor_width":"","advgb_blocks_columns_visual_guide":""},"categories":[1,9,5],"tags":[757,1761,179],"author_meta":{"display_name":"Portal Miradouro","author_link":"https:\/\/www.portalmiradouro.com.br\/site\/author\/portal\/"},"featured_img":"https:\/\/www.portalmiradouro.com.br\/site\/wp-content\/uploads\/2022\/01\/01-3-300x232.jpeg","yoast_head":"<!-- This site is optimized with the Yoast SEO plugin v17.7.1 - https:\/\/yoast.com\/wordpress\/plugins\/seo\/ -->\n<title>Jos\u00e9 Braz apresenta ao governador projeto para instala\u00e7\u00e3o da Heineken em Muria\u00e9 - Portal Miradouro<\/title>\n<meta name=\"description\" content=\"Jos\u00e9 Braz apresenta ao governador projeto para instala\u00e7\u00e3o da Heineken em Muria\u00e9\" \/>\n<meta name=\"robots\" content=\"index, follow, max-snippet:-1, max-image-preview:large, max-video-preview:-1\" \/>\n<link rel=\"canonical\" href=\"https:\/\/www.portalmiradouro.com.br\/site\/2022\/01\/12\/heineken-em-muriae\/\" \/>\n<meta property=\"og:locale\" content=\"pt_BR\" \/>\n<meta property=\"og:type\" content=\"article\" \/>\n<meta property=\"og:title\" content=\"Jos\u00e9 Braz apresenta ao governador projeto para instala\u00e7\u00e3o da Heineken em Muria\u00e9 - Portal Miradouro\" \/>\n<meta property=\"og:description\" content=\"Jos\u00e9 Braz apresenta ao governador projeto para instala\u00e7\u00e3o da Heineken em Muria\u00e9\" \/>\n<meta property=\"og:url\" content=\"https:\/\/www.portalmiradouro.com.br\/site\/2022\/01\/12\/heineken-em-muriae\/\" \/>\n<meta property=\"og:site_name\" content=\"Portal Miradouro\" \/>\n<meta property=\"article:publisher\" content=\"https:\/\/www.facebook.com\/portalmiradouro2020\" \/>\n<meta property=\"article:author\" content=\"https:\/\/www.facebook.com\/Portalmiradouro.com.br\" \/>\n<meta property=\"article:published_time\" content=\"2022-01-13T01:11:56+00:00\" \/>\n<meta property=\"article:modified_time\" content=\"2022-01-13T01:11:57+00:00\" \/>\n<meta property=\"og:image\" content=\"https:\/\/www.portalmiradouro.com.br\/site\/wp-content\/uploads\/2022\/01\/01-3.jpeg\" \/>\n\t<meta property=\"og:image:width\" content=\"682\" \/>\n\t<meta property=\"og:image:height\" content=\"527\" \/>\n<meta name=\"twitter:card\" content=\"summary_large_image\" \/>\n<meta name=\"twitter:label1\" content=\"Written by\" \/>\n\t<meta name=\"twitter:data1\" content=\"Portal Miradouro\" \/>\n\t<meta name=\"twitter:label2\" content=\"Est. reading time\" \/>\n\t<meta name=\"twitter:data2\" content=\"1 minuto\" \/>\n<script type=\"application\/ld+json\" class=\"yoast-schema-graph\">{\"@context\":\"https:\/\/schema.org\",\"@graph\":[{\"@type\":\"WebSite\",\"@id\":\"https:\/\/www.portalmiradouro.com.br\/site\/#website\",\"url\":\"https:\/\/www.portalmiradouro.com.br\/site\/\",\"name\":\"Portal Miradouro\",\"description\":\"O seu portal de not\\u00edcias\",\"potentialAction\":[{\"@type\":\"SearchAction\",\"target\":{\"@type\":\"EntryPoint\",\"urlTemplate\":\"https:\/\/www.portalmiradouro.com.br\/site\/?s={search_term_string}\"},\"query-input\":\"required name=search_term_string\"}],\"inLanguage\":\"pt-BR\"},{\"@type\":\"ImageObject\",\"@id\":\"https:\/\/www.portalmiradouro.com.br\/site\/2022\/01\/12\/heineken-em-muriae\/#primaryimage\",\"inLanguage\":\"pt-BR\",\"url\":\"https:\/\/www.portalmiradouro.com.br\/site\/wp-content\/uploads\/2022\/01\/01-3.jpeg\",\"contentUrl\":\"https:\/\/www.portalmiradouro.com.br\/site\/wp-content\/uploads\/2022\/01\/01-3.jpeg\",\"width\":682,\"height\":527},{\"@type\":\"WebPage\",\"@id\":\"https:\/\/www.portalmiradouro.com.br\/site\/2022\/01\/12\/heineken-em-muriae\/#webpage\",\"url\":\"https:\/\/www.portalmiradouro.com.br\/site\/2022\/01\/12\/heineken-em-muriae\/\",\"name\":\"Jos\\u00e9 Braz apresenta ao governador projeto para instala\\u00e7\\u00e3o da Heineken em Muria\\u00e9 - Portal Miradouro\",\"isPartOf\":{\"@id\":\"https:\/\/www.portalmiradouro.com.br\/site\/#website\"},\"primaryImageOfPage\":{\"@id\":\"https:\/\/www.portalmiradouro.com.br\/site\/2022\/01\/12\/heineken-em-muriae\/#primaryimage\"},\"datePublished\":\"2022-01-13T01:11:56+00:00\",\"dateModified\":\"2022-01-13T01:11:57+00:00\",\"author\":{\"@id\":\"https:\/\/www.portalmiradouro.com.br\/site\/#\/schema\/person\/4cc54eb1e2669057670c45f0992e49e6\"},\"description\":\"Jos\\u00e9 Braz apresenta ao governador projeto para instala\\u00e7\\u00e3o da Heineken em Muria\\u00e9\",\"breadcrumb\":{\"@id\":\"https:\/\/www.portalmiradouro.com.br\/site\/2022\/01\/12\/heineken-em-muriae\/#breadcrumb\"},\"inLanguage\":\"pt-BR\",\"potentialAction\":[{\"@type\":\"ReadAction\",\"target\":[\"https:\/\/www.portalmiradouro.com.br\/site\/2022\/01\/12\/heineken-em-muriae\/\"]}]},{\"@type\":\"BreadcrumbList\",\"@id\":\"https:\/\/www.portalmiradouro.com.br\/site\/2022\/01\/12\/heineken-em-muriae\/#breadcrumb\",\"itemListElement\":[{\"@type\":\"ListItem\",\"position\":1,\"name\":\"Home\",\"item\":\"https:\/\/www.portalmiradouro.com.br\/site\/\"},{\"@type\":\"ListItem\",\"position\":2,\"name\":\"Jos\\u00e9 Braz apresenta ao governador projeto para instala\\u00e7\\u00e3o da Heineken em Muria\\u00e9\"}]},{\"@type\":\"Person\",\"@id\":\"https:\/\/www.portalmiradouro.com.br\/site\/#\/schema\/person\/4cc54eb1e2669057670c45f0992e49e6\",\"name\":\"Portal Miradouro\",\"image\":{\"@type\":\"ImageObject\",\"@id\":\"https:\/\/www.portalmiradouro.com.br\/site\/#personlogo\",\"inLanguage\":\"pt-BR\",\"url\":\"https:\/\/secure.gravatar.com\/avatar\/183be5e806e4db6ca84a30fef12e1fcb?s=96&d=mm&r=g\",\"contentUrl\":\"https:\/\/secure.gravatar.com\/avatar\/183be5e806e4db6ca84a30fef12e1fcb?s=96&d=mm&r=g\",\"caption\":\"Portal Miradouro\"},\"sameAs\":[\"http:\/\/www.portalmiradouro.com.br\",\"https:\/\/www.facebook.com\/Portalmiradouro.com.br\",\"https:\/\/www.instagram.com\/portalmiradouro\/\",\"https:\/\/www.linkedin.com\/in\/portal-miradouro-56171b126\/\",\"https:\/\/www.youtube.com\/channel\/UCxin3iT2BCsLZneNCXn2I4w\"],\"url\":\"https:\/\/www.portalmiradouro.com.br\/site\/author\/portal\/\"}]}<\/script>\n<!-- \/ Yoast SEO plugin. -->","yoast_head_json":{"title":"Jos\u00e9 Braz apresenta ao governador projeto para instala\u00e7\u00e3o da Heineken em Muria\u00e9 - Portal Miradouro","description":"Jos\u00e9 Braz apresenta ao governador projeto para instala\u00e7\u00e3o da Heineken em Muria\u00e9","robots":{"index":"index","follow":"follow","max-snippet":"max-snippet:-1","max-image-preview":"max-image-preview:large","max-video-preview":"max-video-preview:-1"},"canonical":"https:\/\/www.portalmiradouro.com.br\/site\/2022\/01\/12\/heineken-em-muriae\/","og_locale":"pt_BR","og_type":"article","og_title":"Jos\u00e9 Braz apresenta ao governador projeto para instala\u00e7\u00e3o da Heineken em Muria\u00e9 - Portal Miradouro","og_description":"Jos\u00e9 Braz apresenta ao governador projeto para instala\u00e7\u00e3o da Heineken em Muria\u00e9","og_url":"https:\/\/www.portalmiradouro.com.br\/site\/2022\/01\/12\/heineken-em-muriae\/","og_site_name":"Portal Miradouro","article_publisher":"https:\/\/www.facebook.com\/portalmiradouro2020","article_author":"https:\/\/www.facebook.com\/Portalmiradouro.com.br","article_published_time":"2022-01-13T01:11:56+00:00","article_modified_time":"2022-01-13T01:11:57+00:00","og_image":[{"width":682,"height":527,"url":"https:\/\/www.portalmiradouro.com.br\/site\/wp-content\/uploads\/2022\/01\/01-3.jpeg","type":"image\/jpeg"}],"twitter_card":"summary_large_image","twitter_misc":{"Written by":"Portal Miradouro","Est. reading time":"1 minuto"},"schema":{"@context":"https:\/\/schema.org","@graph":[{"@type":"WebSite","@id":"https:\/\/www.portalmiradouro.com.br\/site\/#website","url":"https:\/\/www.portalmiradouro.com.br\/site\/","name":"Portal Miradouro","description":"O seu portal de not\u00edcias","potentialAction":[{"@type":"SearchAction","target":{"@type":"EntryPoint","urlTemplate":"https:\/\/www.portalmiradouro.com.br\/site\/?s={search_term_string}"},"query-input":"required name=search_term_string"}],"inLanguage":"pt-BR"},{"@type":"ImageObject","@id":"https:\/\/www.portalmiradouro.com.br\/site\/2022\/01\/12\/heineken-em-muriae\/#primaryimage","inLanguage":"pt-BR","url":"https:\/\/www.portalmiradouro.com.br\/site\/wp-content\/uploads\/2022\/01\/01-3.jpeg","contentUrl":"https:\/\/www.portalmiradouro.com.br\/site\/wp-content\/uploads\/2022\/01\/01-3.jpeg","width":682,"height":527},{"@type":"WebPage","@id":"https:\/\/www.portalmiradouro.com.br\/site\/2022\/01\/12\/heineken-em-muriae\/#webpage","url":"https:\/\/www.portalmiradouro.com.br\/site\/2022\/01\/12\/heineken-em-muriae\/","name":"Jos\u00e9 Braz apresenta ao governador projeto para instala\u00e7\u00e3o da Heineken em Muria\u00e9 - Portal Miradouro","isPartOf":{"@id":"https:\/\/www.portalmiradouro.com.br\/site\/#website"},"primaryImageOfPage":{"@id":"https:\/\/www.portalmiradouro.com.br\/site\/2022\/01\/12\/heineken-em-muriae\/#primaryimage"},"datePublished":"2022-01-13T01:11:56+00:00","dateModified":"2022-01-13T01:11:57+00:00","author":{"@id":"https:\/\/www.portalmiradouro.com.br\/site\/#\/schema\/person\/4cc54eb1e2669057670c45f0992e49e6"},"description":"Jos\u00e9 Braz apresenta ao governador projeto para instala\u00e7\u00e3o da Heineken em Muria\u00e9","breadcrumb":{"@id":"https:\/\/www.portalmiradouro.com.br\/site\/2022\/01\/12\/heineken-em-muriae\/#breadcrumb"},"inLanguage":"pt-BR","potentialAction":[{"@type":"ReadAction","target":["https:\/\/www.portalmiradouro.com.br\/site\/2022\/01\/12\/heineken-em-muriae\/"]}]},{"@type":"BreadcrumbList","@id":"https:\/\/www.portalmiradouro.com.br\/site\/2022\/01\/12\/heineken-em-muriae\/#breadcrumb","itemListElement":[{"@type":"ListItem","position":1,"name":"Home","item":"https:\/\/www.portalmiradouro.com.br\/site\/"},{"@type":"ListItem","position":2,"name":"Jos\u00e9 Braz apresenta ao governador projeto para instala\u00e7\u00e3o da Heineken em Muria\u00e9"}]},{"@type":"Person","@id":"https:\/\/www.portalmiradouro.com.br\/site\/#\/schema\/person\/4cc54eb1e2669057670c45f0992e49e6","name":"Portal Miradouro","image":{"@type":"ImageObject","@id":"https:\/\/www.portalmiradouro.com.br\/site\/#personlogo","inLanguage":"pt-BR","url":"https:\/\/secure.gravatar.com\/avatar\/183be5e806e4db6ca84a30fef12e1fcb?s=96&d=mm&r=g","contentUrl":"https:\/\/secure.gravatar.com\/avatar\/183be5e806e4db6ca84a30fef12e1fcb?s=96&d=mm&r=g","caption":"Portal Miradouro"},"sameAs":["http:\/\/www.portalmiradouro.com.br","https:\/\/www.facebook.com\/Portalmiradouro.com.br","https:\/\/www.instagram.com\/portalmiradouro\/","https:\/\/www.linkedin.com\/in\/portal-miradouro-56171b126\/","https:\/\/www.youtube.com\/channel\/UCxin3iT2BCsLZneNCXn2I4w"],"url":"https:\/\/www.portalmiradouro.com.br\/site\/author\/portal\/"}]}},"coauthors":[],"tax_additional":{"categories":{"linked":["<a href=\"https:\/\/www.portalmiradouro.com.br\/site\/category\/portal\/\" class=\"advgb-post-tax-term\">Destaque<\/a>","<a href=\"https:\/\/www.portalmiradouro.com.br\/site\/category\/noticias-lateral\/\" class=\"advgb-post-tax-term\">Not\u00edcias<\/a>","<a href=\"https:\/\/www.portalmiradouro.com.br\/site\/category\/portal-principal\/\" class=\"advgb-post-tax-term\">Portal Miradouro<\/a>"],"unlinked":["<span class=\"advgb-post-tax-term\">Destaque<\/span>","<span class=\"advgb-post-tax-term\">Not\u00edcias<\/span>","<span class=\"advgb-post-tax-term\">Portal Miradouro<\/span>"]},"tags":{"linked":["<a href=\"https:\/\/www.portalmiradouro.com.br\/site\/category\/portal-principal\/\" class=\"advgb-post-tax-term\">cerveja<\/a>","<a href=\"https:\/\/www.portalmiradouro.com.br\/site\/category\/portal-principal\/\" class=\"advgb-post-tax-term\">Heineken<\/a>","<a href=\"https:\/\/www.portalmiradouro.com.br\/site\/category\/portal-principal\/\" class=\"advgb-post-tax-term\">muriae<\/a>"],"unlinked":["<span class=\"advgb-post-tax-term\">cerveja<\/span>","<span class=\"advgb-post-tax-term\">Heineken<\/span>","<span class=\"advgb-post-tax-term\">muriae<\/span>"]}},"comment_count":"0","relative_dates":{"created":"Posted 4 anos ago","modified":"Updated 4 anos ago"},"absolute_dates":{"created":"Posted on 12 de janeiro de 2022","modified":"Updated on 12 de janeiro de 2022"},"absolute_dates_time":{"created":"Posted on 12 de janeiro de 2022 22:11","modified":"Updated on 12 de janeiro de 2022 22:11"},"featured_img_caption":"","_links":{"self":[{"href":"https:\/\/www.portalmiradouro.com.br\/site\/wp-json\/wp\/v2\/posts\/12935"}],"collection":[{"href":"https:\/\/www.portalmiradouro.com.br\/site\/wp-json\/wp\/v2\/posts"}],"about":[{"href":"https:\/\/www.portalmiradouro.com.br\/site\/wp-json\/wp\/v2\/types\/post"}],"author":[{"embeddable":true,"href":"https:\/\/www.portalmiradouro.com.br\/site\/wp-json\/wp\/v2\/users\/2"}],"replies":[{"embeddable":true,"href":"https:\/\/www.portalmiradouro.com.br\/site\/wp-json\/wp\/v2\/comments?post=12935"}],"version-history":[{"count":2,"href":"https:\/\/www.portalmiradouro.com.br\/site\/wp-json\/wp\/v2\/posts\/12935\/revisions"}],"predecessor-version":[{"id":12939,"href":"https:\/\/www.portalmiradouro.com.br\/site\/wp-json\/wp\/v2\/posts\/12935\/revisions\/12939"}],"wp:featuredmedia":[{"embeddable":true,"href":"https:\/\/www.portalmiradouro.com.br\/site\/wp-json\/wp\/v2\/media\/12937"}],"wp:attachment":[{"href":"https:\/\/www.portalmiradouro.com.br\/site\/wp-json\/wp\/v2\/media?parent=12935"}],"wp:term":[{"taxonomy":"category","embeddable":true,"href":"https:\/\/www.portalmiradouro.com.br\/site\/wp-json\/wp\/v2\/categories?post=12935"},{"taxonomy":"post_tag","embeddable":true,"href":"https:\/\/www.portalmiradouro.com.br\/site\/wp-json\/wp\/v2\/tags?post=12935"}],"curies":[{"name":"wp","href":"https:\/\/api.w.org\/{rel}","templated":true}]}}