{"id":29355,"date":"2024-09-02T20:44:18","date_gmt":"2024-09-02T23:44:18","guid":{"rendered":"https:\/\/www.portalmiradouro.com.br\/site\/?p=29355"},"modified":"2024-09-02T20:44:18","modified_gmt":"2024-09-02T23:44:18","slug":"incendio-em-vegetacao-na-zona-rural-de-pedra-do-anta-resulta-em-duas-vitimas-fatais","status":"publish","type":"post","link":"https:\/\/www.portalmiradouro.com.br\/site\/2024\/09\/02\/incendio-em-vegetacao-na-zona-rural-de-pedra-do-anta-resulta-em-duas-vitimas-fatais\/","title":{"rendered":"Inc\u00eandio em vegeta\u00e7\u00e3o na zona rural de Pedra do Anta resulta em duas v\u00edtimas fatais"},"content":{"rendered":"<p><a href=\"https:\/\/www.portalmiradouro.com.br\/site\/2024\/09\/02\/incendio-em-vegetacao-na-zona-rural-de-pedra-do-anta-resulta-em-duas-vitimas-fatais\/01-444\/\" rel=\"attachment wp-att-29356\"><img loading=\"lazy\" class=\"aligncenter size-full wp-image-29356\" src=\"https:\/\/www.portalmiradouro.com.br\/site\/wp-content\/uploads\/2024\/09\/01.jpg\" alt=\"\" width=\"790\" height=\"504\" \/><\/a><\/p>\n<p><a href=\"https:\/\/www.portalmiradouro.com.br\/site\/2024\/09\/02\/incendio-em-vegetacao-na-zona-rural-de-pedra-do-anta-resulta-em-duas-vitimas-fatais\/02-428\/\" rel=\"attachment wp-att-29357\"><img loading=\"lazy\" class=\"aligncenter size-full wp-image-29357\" src=\"https:\/\/www.portalmiradouro.com.br\/site\/wp-content\/uploads\/2024\/09\/02.jpg\" alt=\"\" width=\"696\" height=\"527\" \/><\/a><\/p>\n<p><a href=\"https:\/\/www.portalmiradouro.com.br\/site\/2024\/09\/02\/incendio-em-vegetacao-na-zona-rural-de-pedra-do-anta-resulta-em-duas-vitimas-fatais\/04-271\/\" rel=\"attachment wp-att-29359\"><img loading=\"lazy\" class=\"aligncenter size-full wp-image-29359\" src=\"https:\/\/www.portalmiradouro.com.br\/site\/wp-content\/uploads\/2024\/09\/04.jpg\" alt=\"\" width=\"767\" height=\"527\" \/><\/a><\/p>\n<p><a href=\"https:\/\/www.portalmiradouro.com.br\/site\/2024\/09\/02\/incendio-em-vegetacao-na-zona-rural-de-pedra-do-anta-resulta-em-duas-vitimas-fatais\/05-221\/\" rel=\"attachment wp-att-29360\"><img loading=\"lazy\" class=\"aligncenter size-full wp-image-29360\" src=\"https:\/\/www.portalmiradouro.com.br\/site\/wp-content\/uploads\/2024\/09\/05.jpg\" alt=\"\" width=\"702\" height=\"527\" \/><\/a><\/p>\n<p><a href=\"https:\/\/www.portalmiradouro.com.br\/site\/2024\/09\/02\/incendio-em-vegetacao-na-zona-rural-de-pedra-do-anta-resulta-em-duas-vitimas-fatais\/03-355\/\" rel=\"attachment wp-att-29358\"><img loading=\"lazy\" class=\"aligncenter size-full wp-image-29358\" src=\"https:\/\/www.portalmiradouro.com.br\/site\/wp-content\/uploads\/2024\/09\/03.jpg\" alt=\"\" width=\"534\" height=\"527\" \/><\/a><\/p>\n<p><a href=\"https:\/\/www.portalmiradouro.com.br\/site\/2024\/09\/02\/incendio-em-vegetacao-na-zona-rural-de-pedra-do-anta-resulta-em-duas-vitimas-fatais\/06-182\/\" rel=\"attachment wp-att-29361\"><img loading=\"lazy\" class=\"aligncenter size-full wp-image-29361\" src=\"https:\/\/www.portalmiradouro.com.br\/site\/wp-content\/uploads\/2024\/09\/06.jpg\" alt=\"\" width=\"656\" height=\"527\" \/><\/a><\/p>\n<p><span style=\"color: #000000;\">Na tarde de ontem, 01\/09\/2024, um inc\u00eandio em vegeta\u00e7\u00e3o na zona rural de Pedra do Anta, no s\u00edtio Bibiuba, resultou na morte de dois irm\u00e3os. A guarni\u00e7\u00e3o de Vi\u00e7osa foi acionada por volta das 15h e permaneceu no local at\u00e9 \u00e0s 20h, realizando o combate \u00e0s chamas. Devido \u00e0 dificuldade de acesso e ao risco de combate em uma das frentes do inc\u00eandio que avan\u00e7ava para uma mata, o chefe da guarni\u00e7\u00e3o decidiu suspender os trabalhos.<\/span><\/p>\n<p><span style=\"color: #000000;\">O combate a inc\u00eandio em vegeta\u00e7\u00e3o durante o dia j\u00e1 representa um risco grande. Durante o per\u00edodo noturno, a falta de visibilidade somada ao desgaste e cansa\u00e7o aumenta o perigo de atua\u00e7\u00e3o. Diante de tal an\u00e1lise, o bombeiro militar que estava na ocorr\u00eancia julgou que seria melhor resguardar as vidas das pessoas que atuavam no momento e terminar os trabalhos quando fosse mais seguro.<\/span><\/p>\n<p><span style=\"color: #000000;\">Antes de deixar o local, o comandante orientou os funcion\u00e1rios da fazenda presentes a n\u00e3o continuarem o combate devido ao perigo envolvido. Na manh\u00e3 de hoje, a Pol\u00edcia Militar de Pedra do Anta informou que, durante a madrugada, familiares notaram a aus\u00eancia de dois irm\u00e3os e iniciaram buscas no local do inc\u00eandio. Infelizmente, os corpos dos irm\u00e3os foram encontrados carbonizados em uma \u00e1rea queimada distante da sede da fazenda. As v\u00edtimas, com idades de 38 e 47 anos, eram do sexo masculino e n\u00e3o eram funcion\u00e1rios da fazenda, sendo moradores de uma propriedade vizinha.<\/span><\/p>\n<p><span style=\"color: #000000;\">A per\u00edcia esteve presente no local, e os corpos j\u00e1 foram liberados. As autoridades continuam apurando as circunst\u00e2ncias<\/span><\/p>\n<p><span style=\"color: #000000;\">4\u00ba BBM Guardi\u00e3o da\u00a0Zona\u00a0da\u00a0Mata<\/span><\/p>\n","protected":false},"excerpt":{"rendered":"<p>Na tarde de ontem, 01\/09\/2024, um inc\u00eandio em vegeta\u00e7\u00e3o na zona rural de Pedra do Anta, no s\u00edtio Bibiuba, resultou na morte de dois irm\u00e3os. A guarni\u00e7\u00e3o de Vi\u00e7osa foi acionada por volta das 15h e permaneceu no local at\u00e9 \u00e0s 20h, realizando o combate \u00e0s chamas. Devido \u00e0 dificuldade de acesso e ao risco de combate em uma das frentes do inc\u00eandio que avan\u00e7ava para uma mata, o chefe da guarni\u00e7\u00e3o decidiu suspender os trabalhos. O combate a inc\u00eandio em vegeta\u00e7\u00e3o durante o dia j\u00e1 representa um risco grande. Durante o per\u00edodo noturno, a falta de visibilidade somada ao desgaste e cansa\u00e7o aumenta o perigo de atua\u00e7\u00e3o. Diante de tal an\u00e1lise, o bombeiro militar que estava na ocorr\u00eancia julgou que seria melhor resguardar as vidas das pessoas que atuavam no momento e terminar os trabalhos quando fosse mais seguro. Antes de deixar o local, o comandante orientou os funcion\u00e1rios da fazenda presentes a n\u00e3o continuarem o combate devido ao perigo envolvido. Na manh\u00e3 de hoje, a Pol\u00edcia Militar de Pedra do Anta informou que, durante a madrugada, familiares notaram a aus\u00eancia de dois irm\u00e3os e iniciaram buscas no local do inc\u00eandio. Infelizmente, os corpos dos irm\u00e3os foram encontrados carbonizados em uma \u00e1rea queimada distante da sede da fazenda. As v\u00edtimas, com idades de 38 e 47 anos, eram do sexo masculino e n\u00e3o eram funcion\u00e1rios da fazenda, sendo moradores de uma propriedade vizinha. A per\u00edcia esteve presente no local, e os corpos j\u00e1 foram liberados. As autoridades continuam apurando as circunst\u00e2ncias 4\u00ba BBM Guardi\u00e3o da\u00a0Zona\u00a0da\u00a0Mata<\/p>\n","protected":false},"author":2,"featured_media":29362,"comment_status":"open","ping_status":"open","sticky":false,"template":"","format":"standard","meta":{"advgb_blocks_editor_width":"","advgb_blocks_columns_visual_guide":""},"categories":[1],"tags":[2724,435,436,3191,1232],"author_meta":{"display_name":"Portal Miradouro","author_link":"https:\/\/www.portalmiradouro.com.br\/site\/author\/portal\/"},"featured_img":"https:\/\/www.portalmiradouro.com.br\/site\/wp-content\/uploads\/2024\/09\/capa-300x225.jpg","yoast_head":"<!-- This site is optimized with the Yoast SEO plugin v17.7.1 - https:\/\/yoast.com\/wordpress\/plugins\/seo\/ -->\n<title>Inc\u00eandio em vegeta\u00e7\u00e3o na zona rural de Pedra do Anta resulta em duas v\u00edtimas fatais - Portal Miradouro<\/title>\n<meta name=\"description\" content=\"Inc\u00eandio em vegeta\u00e7\u00e3o na zona rural de Pedra do Anta resulta em duas v\u00edtimas fatais\" \/>\n<meta name=\"robots\" content=\"index, follow, max-snippet:-1, max-image-preview:large, max-video-preview:-1\" \/>\n<link rel=\"canonical\" href=\"https:\/\/www.portalmiradouro.com.br\/site\/2024\/09\/02\/incendio-em-vegetacao-na-zona-rural-de-pedra-do-anta-resulta-em-duas-vitimas-fatais\/\" \/>\n<meta property=\"og:locale\" content=\"pt_BR\" \/>\n<meta property=\"og:type\" content=\"article\" \/>\n<meta property=\"og:title\" content=\"Inc\u00eandio em vegeta\u00e7\u00e3o na zona rural de Pedra do Anta resulta em duas v\u00edtimas fatais - Portal Miradouro\" \/>\n<meta property=\"og:description\" content=\"Inc\u00eandio em vegeta\u00e7\u00e3o na zona rural de Pedra do Anta resulta em duas v\u00edtimas fatais\" \/>\n<meta property=\"og:url\" content=\"https:\/\/www.portalmiradouro.com.br\/site\/2024\/09\/02\/incendio-em-vegetacao-na-zona-rural-de-pedra-do-anta-resulta-em-duas-vitimas-fatais\/\" \/>\n<meta property=\"og:site_name\" content=\"Portal Miradouro\" \/>\n<meta property=\"article:publisher\" content=\"https:\/\/www.facebook.com\/portalmiradouro2020\" \/>\n<meta property=\"article:author\" content=\"https:\/\/www.facebook.com\/Portalmiradouro.com.br\" \/>\n<meta property=\"article:published_time\" content=\"2024-09-02T23:44:18+00:00\" \/>\n<meta property=\"og:image\" content=\"https:\/\/www.portalmiradouro.com.br\/site\/wp-content\/uploads\/2024\/09\/capa.jpg\" \/>\n\t<meta property=\"og:image:width\" content=\"702\" \/>\n\t<meta property=\"og:image:height\" content=\"527\" \/>\n<meta name=\"twitter:card\" content=\"summary_large_image\" \/>\n<meta name=\"twitter:label1\" content=\"Written by\" \/>\n\t<meta name=\"twitter:data1\" content=\"Portal Miradouro\" \/>\n\t<meta name=\"twitter:label2\" content=\"Est. reading time\" \/>\n\t<meta name=\"twitter:data2\" content=\"1 minuto\" \/>\n<script type=\"application\/ld+json\" class=\"yoast-schema-graph\">{\"@context\":\"https:\/\/schema.org\",\"@graph\":[{\"@type\":\"WebSite\",\"@id\":\"https:\/\/www.portalmiradouro.com.br\/site\/#website\",\"url\":\"https:\/\/www.portalmiradouro.com.br\/site\/\",\"name\":\"Portal Miradouro\",\"description\":\"O seu portal de not\\u00edcias\",\"potentialAction\":[{\"@type\":\"SearchAction\",\"target\":{\"@type\":\"EntryPoint\",\"urlTemplate\":\"https:\/\/www.portalmiradouro.com.br\/site\/?s={search_term_string}\"},\"query-input\":\"required name=search_term_string\"}],\"inLanguage\":\"pt-BR\"},{\"@type\":\"ImageObject\",\"@id\":\"https:\/\/www.portalmiradouro.com.br\/site\/2024\/09\/02\/incendio-em-vegetacao-na-zona-rural-de-pedra-do-anta-resulta-em-duas-vitimas-fatais\/#primaryimage\",\"inLanguage\":\"pt-BR\",\"url\":\"https:\/\/www.portalmiradouro.com.br\/site\/wp-content\/uploads\/2024\/09\/capa.jpg\",\"contentUrl\":\"https:\/\/www.portalmiradouro.com.br\/site\/wp-content\/uploads\/2024\/09\/capa.jpg\",\"width\":702,\"height\":527},{\"@type\":\"WebPage\",\"@id\":\"https:\/\/www.portalmiradouro.com.br\/site\/2024\/09\/02\/incendio-em-vegetacao-na-zona-rural-de-pedra-do-anta-resulta-em-duas-vitimas-fatais\/#webpage\",\"url\":\"https:\/\/www.portalmiradouro.com.br\/site\/2024\/09\/02\/incendio-em-vegetacao-na-zona-rural-de-pedra-do-anta-resulta-em-duas-vitimas-fatais\/\",\"name\":\"Inc\\u00eandio em vegeta\\u00e7\\u00e3o na zona rural de Pedra do Anta resulta em duas v\\u00edtimas fatais - Portal Miradouro\",\"isPartOf\":{\"@id\":\"https:\/\/www.portalmiradouro.com.br\/site\/#website\"},\"primaryImageOfPage\":{\"@id\":\"https:\/\/www.portalmiradouro.com.br\/site\/2024\/09\/02\/incendio-em-vegetacao-na-zona-rural-de-pedra-do-anta-resulta-em-duas-vitimas-fatais\/#primaryimage\"},\"datePublished\":\"2024-09-02T23:44:18+00:00\",\"dateModified\":\"2024-09-02T23:44:18+00:00\",\"author\":{\"@id\":\"https:\/\/www.portalmiradouro.com.br\/site\/#\/schema\/person\/4cc54eb1e2669057670c45f0992e49e6\"},\"description\":\"Inc\\u00eandio em vegeta\\u00e7\\u00e3o na zona rural de Pedra do Anta resulta em duas v\\u00edtimas fatais\",\"breadcrumb\":{\"@id\":\"https:\/\/www.portalmiradouro.com.br\/site\/2024\/09\/02\/incendio-em-vegetacao-na-zona-rural-de-pedra-do-anta-resulta-em-duas-vitimas-fatais\/#breadcrumb\"},\"inLanguage\":\"pt-BR\",\"potentialAction\":[{\"@type\":\"ReadAction\",\"target\":[\"https:\/\/www.portalmiradouro.com.br\/site\/2024\/09\/02\/incendio-em-vegetacao-na-zona-rural-de-pedra-do-anta-resulta-em-duas-vitimas-fatais\/\"]}]},{\"@type\":\"BreadcrumbList\",\"@id\":\"https:\/\/www.portalmiradouro.com.br\/site\/2024\/09\/02\/incendio-em-vegetacao-na-zona-rural-de-pedra-do-anta-resulta-em-duas-vitimas-fatais\/#breadcrumb\",\"itemListElement\":[{\"@type\":\"ListItem\",\"position\":1,\"name\":\"Home\",\"item\":\"https:\/\/www.portalmiradouro.com.br\/site\/\"},{\"@type\":\"ListItem\",\"position\":2,\"name\":\"Inc\\u00eandio em vegeta\\u00e7\\u00e3o na zona rural de Pedra do Anta resulta em duas v\\u00edtimas fatais\"}]},{\"@type\":\"Person\",\"@id\":\"https:\/\/www.portalmiradouro.com.br\/site\/#\/schema\/person\/4cc54eb1e2669057670c45f0992e49e6\",\"name\":\"Portal Miradouro\",\"image\":{\"@type\":\"ImageObject\",\"@id\":\"https:\/\/www.portalmiradouro.com.br\/site\/#personlogo\",\"inLanguage\":\"pt-BR\",\"url\":\"https:\/\/secure.gravatar.com\/avatar\/183be5e806e4db6ca84a30fef12e1fcb?s=96&d=mm&r=g\",\"contentUrl\":\"https:\/\/secure.gravatar.com\/avatar\/183be5e806e4db6ca84a30fef12e1fcb?s=96&d=mm&r=g\",\"caption\":\"Portal Miradouro\"},\"sameAs\":[\"http:\/\/www.portalmiradouro.com.br\",\"https:\/\/www.facebook.com\/Portalmiradouro.com.br\",\"https:\/\/www.instagram.com\/portalmiradouro\/\",\"https:\/\/www.linkedin.com\/in\/portal-miradouro-56171b126\/\",\"https:\/\/www.youtube.com\/channel\/UCxin3iT2BCsLZneNCXn2I4w\"],\"url\":\"https:\/\/www.portalmiradouro.com.br\/site\/author\/portal\/\"}]}<\/script>\n<!-- \/ Yoast SEO plugin. -->","yoast_head_json":{"title":"Inc\u00eandio em vegeta\u00e7\u00e3o na zona rural de Pedra do Anta resulta em duas v\u00edtimas fatais - Portal Miradouro","description":"Inc\u00eandio em vegeta\u00e7\u00e3o na zona rural de Pedra do Anta resulta em duas v\u00edtimas fatais","robots":{"index":"index","follow":"follow","max-snippet":"max-snippet:-1","max-image-preview":"max-image-preview:large","max-video-preview":"max-video-preview:-1"},"canonical":"https:\/\/www.portalmiradouro.com.br\/site\/2024\/09\/02\/incendio-em-vegetacao-na-zona-rural-de-pedra-do-anta-resulta-em-duas-vitimas-fatais\/","og_locale":"pt_BR","og_type":"article","og_title":"Inc\u00eandio em vegeta\u00e7\u00e3o na zona rural de Pedra do Anta resulta em duas v\u00edtimas fatais - Portal Miradouro","og_description":"Inc\u00eandio em vegeta\u00e7\u00e3o na zona rural de Pedra do Anta resulta em duas v\u00edtimas fatais","og_url":"https:\/\/www.portalmiradouro.com.br\/site\/2024\/09\/02\/incendio-em-vegetacao-na-zona-rural-de-pedra-do-anta-resulta-em-duas-vitimas-fatais\/","og_site_name":"Portal Miradouro","article_publisher":"https:\/\/www.facebook.com\/portalmiradouro2020","article_author":"https:\/\/www.facebook.com\/Portalmiradouro.com.br","article_published_time":"2024-09-02T23:44:18+00:00","og_image":[{"width":702,"height":527,"url":"https:\/\/www.portalmiradouro.com.br\/site\/wp-content\/uploads\/2024\/09\/capa.jpg","type":"image\/jpeg"}],"twitter_card":"summary_large_image","twitter_misc":{"Written by":"Portal Miradouro","Est. reading time":"1 minuto"},"schema":{"@context":"https:\/\/schema.org","@graph":[{"@type":"WebSite","@id":"https:\/\/www.portalmiradouro.com.br\/site\/#website","url":"https:\/\/www.portalmiradouro.com.br\/site\/","name":"Portal Miradouro","description":"O seu portal de not\u00edcias","potentialAction":[{"@type":"SearchAction","target":{"@type":"EntryPoint","urlTemplate":"https:\/\/www.portalmiradouro.com.br\/site\/?s={search_term_string}"},"query-input":"required name=search_term_string"}],"inLanguage":"pt-BR"},{"@type":"ImageObject","@id":"https:\/\/www.portalmiradouro.com.br\/site\/2024\/09\/02\/incendio-em-vegetacao-na-zona-rural-de-pedra-do-anta-resulta-em-duas-vitimas-fatais\/#primaryimage","inLanguage":"pt-BR","url":"https:\/\/www.portalmiradouro.com.br\/site\/wp-content\/uploads\/2024\/09\/capa.jpg","contentUrl":"https:\/\/www.portalmiradouro.com.br\/site\/wp-content\/uploads\/2024\/09\/capa.jpg","width":702,"height":527},{"@type":"WebPage","@id":"https:\/\/www.portalmiradouro.com.br\/site\/2024\/09\/02\/incendio-em-vegetacao-na-zona-rural-de-pedra-do-anta-resulta-em-duas-vitimas-fatais\/#webpage","url":"https:\/\/www.portalmiradouro.com.br\/site\/2024\/09\/02\/incendio-em-vegetacao-na-zona-rural-de-pedra-do-anta-resulta-em-duas-vitimas-fatais\/","name":"Inc\u00eandio em vegeta\u00e7\u00e3o na zona rural de Pedra do Anta resulta em duas v\u00edtimas fatais - Portal Miradouro","isPartOf":{"@id":"https:\/\/www.portalmiradouro.com.br\/site\/#website"},"primaryImageOfPage":{"@id":"https:\/\/www.portalmiradouro.com.br\/site\/2024\/09\/02\/incendio-em-vegetacao-na-zona-rural-de-pedra-do-anta-resulta-em-duas-vitimas-fatais\/#primaryimage"},"datePublished":"2024-09-02T23:44:18+00:00","dateModified":"2024-09-02T23:44:18+00:00","author":{"@id":"https:\/\/www.portalmiradouro.com.br\/site\/#\/schema\/person\/4cc54eb1e2669057670c45f0992e49e6"},"description":"Inc\u00eandio em vegeta\u00e7\u00e3o na zona rural de Pedra do Anta resulta em duas v\u00edtimas fatais","breadcrumb":{"@id":"https:\/\/www.portalmiradouro.com.br\/site\/2024\/09\/02\/incendio-em-vegetacao-na-zona-rural-de-pedra-do-anta-resulta-em-duas-vitimas-fatais\/#breadcrumb"},"inLanguage":"pt-BR","potentialAction":[{"@type":"ReadAction","target":["https:\/\/www.portalmiradouro.com.br\/site\/2024\/09\/02\/incendio-em-vegetacao-na-zona-rural-de-pedra-do-anta-resulta-em-duas-vitimas-fatais\/"]}]},{"@type":"BreadcrumbList","@id":"https:\/\/www.portalmiradouro.com.br\/site\/2024\/09\/02\/incendio-em-vegetacao-na-zona-rural-de-pedra-do-anta-resulta-em-duas-vitimas-fatais\/#breadcrumb","itemListElement":[{"@type":"ListItem","position":1,"name":"Home","item":"https:\/\/www.portalmiradouro.com.br\/site\/"},{"@type":"ListItem","position":2,"name":"Inc\u00eandio em vegeta\u00e7\u00e3o na zona rural de Pedra do Anta resulta em duas v\u00edtimas fatais"}]},{"@type":"Person","@id":"https:\/\/www.portalmiradouro.com.br\/site\/#\/schema\/person\/4cc54eb1e2669057670c45f0992e49e6","name":"Portal Miradouro","image":{"@type":"ImageObject","@id":"https:\/\/www.portalmiradouro.com.br\/site\/#personlogo","inLanguage":"pt-BR","url":"https:\/\/secure.gravatar.com\/avatar\/183be5e806e4db6ca84a30fef12e1fcb?s=96&d=mm&r=g","contentUrl":"https:\/\/secure.gravatar.com\/avatar\/183be5e806e4db6ca84a30fef12e1fcb?s=96&d=mm&r=g","caption":"Portal Miradouro"},"sameAs":["http:\/\/www.portalmiradouro.com.br","https:\/\/www.facebook.com\/Portalmiradouro.com.br","https:\/\/www.instagram.com\/portalmiradouro\/","https:\/\/www.linkedin.com\/in\/portal-miradouro-56171b126\/","https:\/\/www.youtube.com\/channel\/UCxin3iT2BCsLZneNCXn2I4w"],"url":"https:\/\/www.portalmiradouro.com.br\/site\/author\/portal\/"}]}},"coauthors":[],"tax_additional":{"categories":{"linked":["<a href=\"https:\/\/www.portalmiradouro.com.br\/site\/category\/portal\/\" class=\"advgb-post-tax-term\">Destaque<\/a>"],"unlinked":["<span class=\"advgb-post-tax-term\">Destaque<\/span>"]},"tags":{"linked":["<a href=\"https:\/\/www.portalmiradouro.com.br\/site\/category\/portal\/\" class=\"advgb-post-tax-term\">Floresta<\/a>","<a href=\"https:\/\/www.portalmiradouro.com.br\/site\/category\/portal\/\" class=\"advgb-post-tax-term\">fogo<\/a>","<a href=\"https:\/\/www.portalmiradouro.com.br\/site\/category\/portal\/\" class=\"advgb-post-tax-term\">inc\u00eandio<\/a>","<a href=\"https:\/\/www.portalmiradouro.com.br\/site\/category\/portal\/\" class=\"advgb-post-tax-term\">Pedra do Anta<\/a>","<a href=\"https:\/\/www.portalmiradouro.com.br\/site\/category\/portal\/\" class=\"advgb-post-tax-term\">ZONA DA MATA<\/a>"],"unlinked":["<span class=\"advgb-post-tax-term\">Floresta<\/span>","<span class=\"advgb-post-tax-term\">fogo<\/span>","<span class=\"advgb-post-tax-term\">inc\u00eandio<\/span>","<span class=\"advgb-post-tax-term\">Pedra do Anta<\/span>","<span class=\"advgb-post-tax-term\">ZONA DA MATA<\/span>"]}},"comment_count":"0","relative_dates":{"created":"Posted 2 anos ago","modified":"Updated 2 anos ago"},"absolute_dates":{"created":"Posted on 2 de setembro de 2024","modified":"Updated on 2 de setembro de 2024"},"absolute_dates_time":{"created":"Posted on 2 de setembro de 2024 20:44","modified":"Updated on 2 de setembro de 2024 20:44"},"featured_img_caption":"","_links":{"self":[{"href":"https:\/\/www.portalmiradouro.com.br\/site\/wp-json\/wp\/v2\/posts\/29355"}],"collection":[{"href":"https:\/\/www.portalmiradouro.com.br\/site\/wp-json\/wp\/v2\/posts"}],"about":[{"href":"https:\/\/www.portalmiradouro.com.br\/site\/wp-json\/wp\/v2\/types\/post"}],"author":[{"embeddable":true,"href":"https:\/\/www.portalmiradouro.com.br\/site\/wp-json\/wp\/v2\/users\/2"}],"replies":[{"embeddable":true,"href":"https:\/\/www.portalmiradouro.com.br\/site\/wp-json\/wp\/v2\/comments?post=29355"}],"version-history":[{"count":2,"href":"https:\/\/www.portalmiradouro.com.br\/site\/wp-json\/wp\/v2\/posts\/29355\/revisions"}],"predecessor-version":[{"id":29364,"href":"https:\/\/www.portalmiradouro.com.br\/site\/wp-json\/wp\/v2\/posts\/29355\/revisions\/29364"}],"wp:featuredmedia":[{"embeddable":true,"href":"https:\/\/www.portalmiradouro.com.br\/site\/wp-json\/wp\/v2\/media\/29362"}],"wp:attachment":[{"href":"https:\/\/www.portalmiradouro.com.br\/site\/wp-json\/wp\/v2\/media?parent=29355"}],"wp:term":[{"taxonomy":"category","embeddable":true,"href":"https:\/\/www.portalmiradouro.com.br\/site\/wp-json\/wp\/v2\/categories?post=29355"},{"taxonomy":"post_tag","embeddable":true,"href":"https:\/\/www.portalmiradouro.com.br\/site\/wp-json\/wp\/v2\/tags?post=29355"}],"curies":[{"name":"wp","href":"https:\/\/api.w.org\/{rel}","templated":true}]}}