{"id":34265,"date":"2025-11-19T20:28:31","date_gmt":"2025-11-19T23:28:31","guid":{"rendered":"https:\/\/www.portalmiradouro.com.br\/site\/?p=34265"},"modified":"2025-11-19T20:28:31","modified_gmt":"2025-11-19T23:28:31","slug":"2a-mostra-de-cinema-de-betim-celebra-o-grupo-energisa-como-referencia-nacional-em-investimentos-culturais-e-sociais","status":"publish","type":"post","link":"https:\/\/www.portalmiradouro.com.br\/site\/2025\/11\/19\/2a-mostra-de-cinema-de-betim-celebra-o-grupo-energisa-como-referencia-nacional-em-investimentos-culturais-e-sociais\/","title":{"rendered":"2\u00aa Mostra de Cinema de Betim celebra o Grupo Energisa como refer\u00eancia nacional em investimentos culturais e sociais"},"content":{"rendered":"<p style=\"text-align: center;\"><a href=\"https:\/\/www.portalmiradouro.com.br\/site\/2025\/11\/19\/2a-mostra-de-cinema-de-betim-celebra-o-grupo-energisa-como-referencia-nacional-em-investimentos-culturais-e-sociais\/image001-29\/\" rel=\"attachment wp-att-34266\"><img loading=\"lazy\" class=\"aligncenter size-full wp-image-34266\" src=\"https:\/\/www.portalmiradouro.com.br\/site\/wp-content\/uploads\/2025\/11\/image001-6.png\" alt=\"\" width=\"790\" height=\"507\" \/><\/a><\/p>\n<p style=\"text-align: center;\"><span style=\"color: #000000;\"><strong>Foto: IT FILMES\/ DIVULGA\u00c7\u00c3O\u00a0<\/strong><\/span><\/p>\n<p style=\"font-weight: 400;\"><span style=\"color: #000000;\">Em novembro, Betim recebe a 2\u00aa Mostra de Cinema, um evento que celebra a for\u00e7a da ind\u00fastria criativa e promove reflex\u00f5es sobre os caminhos do audiovisual brasileiro. Nesse contexto, o Grupo Energisa ser\u00e1 homenageado durante o semin\u00e1rio \u201cBetim Ind\u00fastria Criativa \u2013 Desafios e Caminhos Poss\u00edveis\u201d como empresa \u201ccase\u201d de sucesso em investimentos sociais e em projetos art\u00edstico-culturais. O Instituto Energisa e a Funda\u00e7\u00e3o\u00a0Ormeo\u00a0Junqueira Botelho ser\u00e3o apresentados como exemplos de atua\u00e7\u00e3o consolidada no cen\u00e1rio nacional, refor\u00e7ando o papel da cultura como vetor de desenvolvimento.\u00a0<\/span><\/p>\n<p style=\"font-weight: 400;\"><span style=\"color: #000000;\">Al\u00e9m da homenagem, a agenda inclui uma a\u00e7\u00e3o de interc\u00e2mbio socioecon\u00f4mico e cultural, realizada a partir\u00a0do Instituto Energisa e a Institui\u00e7\u00e3o\u00a0Ramacrisna. A iniciativa promover\u00e1 um encontro e troca de experi\u00eancias entre colaboradores das duas entidades, seguido da exibi\u00e7\u00e3o de curtas produzidos no Polo Audiovisual da Zona da Mata Mineira, projetos tamb\u00e9m incentivados pelo Grupo. Essa conex\u00e3o entre Betim e Cataguases fortalece redes criativas e amplia oportunidades para novos talentos.\u00a0<\/span><\/p>\n<p style=\"font-weight: 400;\"><span style=\"color: #000000;\">A Mostra apresenta uma programa\u00e7\u00e3o plural, com sess\u00f5es especiais em homenagem a L\u00f4 Borges e Milton Nascimento, exibindo os longas\u00a0<em>Nada Ser\u00e1 Como Antes<\/em>, de Ana\u00a0Rieper, e\u00a0<em>Milton Bituca Nascimento<\/em>, de Fl\u00e1via Moraes. Outro destaque \u00e9\u00a0<em>Otelo, o Grande<\/em>, de Lucas H. Rossi, na \u201cSess\u00e3o Especial: Igualdade Racial\u201d, realizada em parceria com o projeto Novembro Negro, promovido pela Superintend\u00eancia de Igualdade Racial da Prefeitura.\u00a0<\/span><\/p>\n<p style=\"font-weight: 400;\"><span style=\"color: #000000;\">Entre os t\u00edtulos in\u00e9ditos, est\u00e3o\u00a0<em>Morte e Vida Madalena<\/em>, de Guto Parente, e\u00a0<em>Um Dia Antes de Todos os Outros<\/em>, de Valentina Homem e Fernanda Bond. A programa\u00e7\u00e3o inclui ainda obras premiadas e celebradas, como o cotado ao Oscar\u00a0<em>O Agente Secreto<\/em>, de Kleber Mendon\u00e7a, vencedor do Urso de Prata em Berlim, e\u00a0<em>O \u00daltimo Azul<\/em>, de Gabriel Mascaro. Tamb\u00e9m estar\u00e3o em cartaz\u00a0<em>Kasa\u00a0Branca<\/em>, de Luciano Vidigal,\u00a0<em>Manas<\/em>, de Marianna Brennand, al\u00e9m de sucessos infantis como\u00a0<em>Chico Bento e a Goiabeira\u00a0Maravi\u00f3sa<\/em>, inspirado na obra de Maur\u00edcio de Sousa, e\u00a0<em>O Menino e o Mundo<\/em>, de\u00a0Al\u00ea\u00a0Abreu.\u00a0<\/span><\/p>\n<p style=\"font-weight: 400;\"><span style=\"color: #000000;\">Toda essa diversidade refor\u00e7a a import\u00e2ncia da cultura como ferramenta de transforma\u00e7\u00e3o social. O incentivo \u00e0 cultura \u00e9 visto pela Energisa como uma forma de gerar impacto e desenvolvimento econ\u00f4mico, criando oportunidades para pessoas e comunidades. Essa vis\u00e3o, que faz parte da estrat\u00e9gia de sustentabilidade da empresa, norteia a participa\u00e7\u00e3o do Grupo na Mostra, que se torna um espa\u00e7o de compartilhamento de experi\u00eancias e fortalecimento de parcerias estrat\u00e9gicas.\u00a0<\/span><\/p>\n<p style=\"font-weight: 400;\"><span style=\"color: #000000;\">\u201cAcreditamos que a cultura \u00e9 um direito fundamental do\u00a0cidad\u00e3o \u2014 e, no campo econ\u00f4mico, \u00e9 uma for\u00e7a capaz de gerar riquezas, movimentar territ\u00f3rios e transformar realidades. Nosso compromisso vai muito al\u00e9m do entretenimento: apoiamos iniciativas que formam profissionais, fortalecem a economia criativa e promovem inclus\u00e3o social. Por meio do Instituto Energisa e da Funda\u00e7\u00e3o\u00a0Ormeo\u00a0Junqueira Botelho, impulsionamos festivais, produ\u00e7\u00f5es audiovisuais, oficinas e a\u00e7\u00f5es educativas que conectam talentos locais a oportunidades reais. Essa atua\u00e7\u00e3o consolidou a Energisa como refer\u00eancia nacional em investimentos culturais, mostrando que a arte \u00e9 um vetor poderoso de desenvolvimento e transforma\u00e7\u00e3o\u201d, destaca Delania Cavalcante, coordenadora de Investimento Social do Grupo Energisa.\u00a0<\/span><\/p>\n<p style=\"font-weight: 400;\"><span style=\"color: #000000;\">Confira a programa\u00e7\u00e3o completa:\u00a0<span style=\"color: #0000ff;\"><strong><a style=\"color: #0000ff;\" href=\"https:\/\/itfilmes.com.br\/mostrabetim\/programacao\/encontro-de-gigantes-institutos-ramacrisna-e-energisa-sucessos-que-impulsionam-a-economia-criativa\/\" target=\"_blank\" rel=\"noopener\" data-saferedirecturl=\"https:\/\/www.google.com\/url?q=https:\/\/itfilmes.com.br\/mostrabetim\/programacao\/encontro-de-gigantes-institutos-ramacrisna-e-energisa-sucessos-que-impulsionam-a-economia-criativa\/&amp;source=gmail&amp;ust=1763680526442000&amp;usg=AOvVaw0E8ls-FLUhu7CLCqWRfsDC\">Encontro de gigantes institutos Ramacrisna e Energisa | 2\u00aa Mostra de Cinema de Betim<\/a><\/strong><\/span>\u00a0<\/span><\/p>\n<p style=\"font-weight: 400;\"><span style=\"color: #000000;\"><strong>Alegria Brasil conquista espa\u00e7o no Rio\u00a0Webfest\u00a02025<\/strong>\u00a0<\/span><\/p>\n<p><a href=\"https:\/\/www.portalmiradouro.com.br\/site\/2025\/11\/19\/2a-mostra-de-cinema-de-betim-celebra-o-grupo-energisa-como-referencia-nacional-em-investimentos-culturais-e-sociais\/image003-17\/\" rel=\"attachment wp-att-34267\"><img loading=\"lazy\" class=\"aligncenter size-full wp-image-34267\" src=\"https:\/\/www.portalmiradouro.com.br\/site\/wp-content\/uploads\/2025\/11\/image003.png\" alt=\"\" width=\"377\" height=\"527\" \/><\/a><\/p>\n<p><span style=\"color: #000000;\">Esse compromisso com a cultura tamb\u00e9m se reflete em outras iniciativas apoiadas pela Energisa. Antes mesmo do lan\u00e7amento do longa\u00a0<i>Alegria Brasil<\/i>, estrelado por Maria Alcina\u00a0e\u00a0com dire\u00e7\u00e3o de Elizabete Martins,\u00a0o projeto j\u00e1 conquista reconhecimento nacional: a s\u00e9rie\u00a0<i>Bastidores da Alegria<\/i>, making\u00a0of\u00a0do filme patrocinado pelo Grupo Energisa e pelo Instituto Energisa, foi indicada\u00a0em duas categorias do\u00a0Rio\u00a0Webfest\u00a02025, considerado o maior festival de\u00a0webs\u00e9ries\u00a0do mundo.\u00a0A produ\u00e7\u00e3o concorre na categoria\u00a0<i>Melhor\u00a0Branded\u00a0<wbr \/>Content\u00a0Series<\/i>, que premia conte\u00fados capazes de unir marcas e boas hist\u00f3rias, criando conex\u00f5es genu\u00ednas com o p\u00fablico, e\u00a0na categoria de<i>\u00a0Melhor S\u00e9rie Documental Independente<\/i>.\u00a0O evento acontece entre os dias 28 de novembro a 1\u00ba de dezembro, na\u00a0Cidade\u00a0das Artes, no Rio de Janeiro.\u00a0<\/span><\/p>\n","protected":false},"excerpt":{"rendered":"<p>Foto: IT FILMES\/ DIVULGA\u00c7\u00c3O\u00a0 Em novembro, Betim recebe a 2\u00aa Mostra de Cinema, um evento que celebra a for\u00e7a da ind\u00fastria criativa e promove reflex\u00f5es sobre os caminhos do audiovisual brasileiro. Nesse contexto, o Grupo Energisa ser\u00e1 homenageado durante o semin\u00e1rio \u201cBetim Ind\u00fastria Criativa \u2013 Desafios e Caminhos Poss\u00edveis\u201d como empresa \u201ccase\u201d de sucesso em investimentos sociais e em projetos art\u00edstico-culturais. O Instituto Energisa e a Funda\u00e7\u00e3o\u00a0Ormeo\u00a0Junqueira Botelho ser\u00e3o apresentados como exemplos de atua\u00e7\u00e3o consolidada no cen\u00e1rio nacional, refor\u00e7ando o papel da cultura como vetor de desenvolvimento.\u00a0 Al\u00e9m da homenagem, a agenda inclui uma a\u00e7\u00e3o de interc\u00e2mbio socioecon\u00f4mico e cultural, realizada a partir\u00a0do Instituto Energisa e a Institui\u00e7\u00e3o\u00a0Ramacrisna. A iniciativa promover\u00e1 um encontro e troca de experi\u00eancias entre colaboradores das duas entidades, seguido da exibi\u00e7\u00e3o de curtas produzidos no Polo Audiovisual da Zona da Mata Mineira, projetos tamb\u00e9m incentivados pelo Grupo. Essa conex\u00e3o entre Betim e Cataguases fortalece redes criativas e amplia oportunidades para novos talentos.\u00a0 A Mostra apresenta uma programa\u00e7\u00e3o plural, com sess\u00f5es especiais em homenagem a L\u00f4 Borges e Milton Nascimento, exibindo os longas\u00a0Nada Ser\u00e1 Como Antes, de Ana\u00a0Rieper, e\u00a0Milton Bituca Nascimento, de Fl\u00e1via Moraes. Outro destaque \u00e9\u00a0Otelo, o Grande, de Lucas H. Rossi, na \u201cSess\u00e3o Especial: Igualdade Racial\u201d, realizada em parceria com o projeto Novembro Negro, promovido pela Superintend\u00eancia de Igualdade Racial da Prefeitura.\u00a0 Entre os t\u00edtulos in\u00e9ditos, est\u00e3o\u00a0Morte e Vida Madalena, de Guto Parente, e\u00a0Um Dia Antes de Todos os Outros, de Valentina Homem e Fernanda Bond. A programa\u00e7\u00e3o inclui ainda obras premiadas e celebradas, como o cotado ao Oscar\u00a0O Agente Secreto, de Kleber Mendon\u00e7a, vencedor do Urso de Prata em Berlim, e\u00a0O \u00daltimo Azul, de Gabriel Mascaro. Tamb\u00e9m estar\u00e3o em cartaz\u00a0Kasa\u00a0Branca, de Luciano Vidigal,\u00a0Manas, de Marianna Brennand, al\u00e9m de sucessos infantis como\u00a0Chico Bento e a Goiabeira\u00a0Maravi\u00f3sa, inspirado na obra de Maur\u00edcio de Sousa, e\u00a0O Menino e o Mundo, de\u00a0Al\u00ea\u00a0Abreu.\u00a0 Toda essa diversidade refor\u00e7a a import\u00e2ncia da cultura como ferramenta de transforma\u00e7\u00e3o social. O incentivo \u00e0 cultura \u00e9 visto pela Energisa como uma forma de gerar impacto e desenvolvimento econ\u00f4mico, criando oportunidades para pessoas e comunidades. Essa vis\u00e3o, que faz parte da estrat\u00e9gia de sustentabilidade da empresa, norteia a participa\u00e7\u00e3o do Grupo na Mostra, que se torna um espa\u00e7o de compartilhamento de experi\u00eancias e fortalecimento de parcerias estrat\u00e9gicas.\u00a0 \u201cAcreditamos que a cultura \u00e9 um direito fundamental do\u00a0cidad\u00e3o \u2014 e, no campo econ\u00f4mico, \u00e9 uma for\u00e7a capaz de gerar riquezas, movimentar territ\u00f3rios e transformar realidades. Nosso compromisso vai muito al\u00e9m do entretenimento: apoiamos iniciativas que formam profissionais, fortalecem a economia criativa e promovem inclus\u00e3o social. Por meio do Instituto Energisa e da Funda\u00e7\u00e3o\u00a0Ormeo\u00a0Junqueira Botelho, impulsionamos festivais, produ\u00e7\u00f5es audiovisuais, oficinas e a\u00e7\u00f5es educativas que conectam talentos locais a oportunidades reais. Essa atua\u00e7\u00e3o consolidou a Energisa como refer\u00eancia nacional em investimentos culturais, mostrando que a arte \u00e9 um vetor poderoso de desenvolvimento e transforma\u00e7\u00e3o\u201d, destaca Delania Cavalcante, coordenadora de Investimento Social do Grupo Energisa.\u00a0 Confira a programa\u00e7\u00e3o completa:\u00a0Encontro de gigantes institutos Ramacrisna e Energisa | 2\u00aa Mostra de Cinema de Betim\u00a0 Alegria Brasil conquista espa\u00e7o no Rio\u00a0Webfest\u00a02025\u00a0 Esse compromisso com a cultura tamb\u00e9m se reflete em outras iniciativas apoiadas pela Energisa. Antes mesmo do lan\u00e7amento do longa\u00a0Alegria Brasil, estrelado por Maria Alcina\u00a0e\u00a0com dire\u00e7\u00e3o de Elizabete Martins,\u00a0o projeto j\u00e1 conquista reconhecimento nacional: a s\u00e9rie\u00a0Bastidores da Alegria, making\u00a0of\u00a0do filme patrocinado pelo Grupo Energisa e pelo Instituto Energisa, foi indicada\u00a0em duas categorias do\u00a0Rio\u00a0Webfest\u00a02025, considerado o maior festival de\u00a0webs\u00e9ries\u00a0do mundo.\u00a0A produ\u00e7\u00e3o concorre na categoria\u00a0Melhor\u00a0Branded\u00a0Content\u00a0Series, que premia conte\u00fados capazes de unir marcas e boas hist\u00f3rias, criando conex\u00f5es genu\u00ednas com o p\u00fablico, e\u00a0na categoria de\u00a0Melhor S\u00e9rie Documental Independente.\u00a0O evento acontece entre os dias 28 de novembro a 1\u00ba de dezembro, na\u00a0Cidade\u00a0das Artes, no Rio de Janeiro.\u00a0<\/p>\n","protected":false},"author":2,"featured_media":0,"comment_status":"open","ping_status":"open","sticky":false,"template":"","format":"standard","meta":{"advgb_blocks_editor_width":"","advgb_blocks_columns_visual_guide":""},"categories":[1],"tags":[469,165,174,3733,1382],"author_meta":{"display_name":"Portal Miradouro","author_link":"https:\/\/www.portalmiradouro.com.br\/site\/author\/portal\/"},"featured_img":null,"yoast_head":"<!-- This site is optimized with the Yoast SEO plugin v17.7.1 - https:\/\/yoast.com\/wordpress\/plugins\/seo\/ -->\n<title>2\u00aa Mostra de Cinema de Betim celebra o Grupo Energisa como refer\u00eancia nacional em investimentos culturais e sociais - Portal Miradouro<\/title>\n<meta name=\"description\" content=\"2\u00aa Mostra de Cinema de Betim celebra o Grupo Energisa como refer\u00eancia nacional em investimentos culturais e sociais\" \/>\n<meta name=\"robots\" content=\"index, follow, max-snippet:-1, max-image-preview:large, max-video-preview:-1\" \/>\n<link rel=\"canonical\" href=\"https:\/\/www.portalmiradouro.com.br\/site\/2025\/11\/19\/2a-mostra-de-cinema-de-betim-celebra-o-grupo-energisa-como-referencia-nacional-em-investimentos-culturais-e-sociais\/\" \/>\n<meta property=\"og:locale\" content=\"pt_BR\" \/>\n<meta property=\"og:type\" content=\"article\" \/>\n<meta property=\"og:title\" content=\"2\u00aa Mostra de Cinema de Betim celebra o Grupo Energisa como refer\u00eancia nacional em investimentos culturais e sociais - Portal Miradouro\" \/>\n<meta property=\"og:description\" content=\"2\u00aa Mostra de Cinema de Betim celebra o Grupo Energisa como refer\u00eancia nacional em investimentos culturais e sociais\" \/>\n<meta property=\"og:url\" content=\"https:\/\/www.portalmiradouro.com.br\/site\/2025\/11\/19\/2a-mostra-de-cinema-de-betim-celebra-o-grupo-energisa-como-referencia-nacional-em-investimentos-culturais-e-sociais\/\" \/>\n<meta property=\"og:site_name\" content=\"Portal Miradouro\" \/>\n<meta property=\"article:publisher\" content=\"https:\/\/www.facebook.com\/portalmiradouro2020\" \/>\n<meta property=\"article:author\" content=\"https:\/\/www.facebook.com\/Portalmiradouro.com.br\" \/>\n<meta property=\"article:published_time\" content=\"2025-11-19T23:28:31+00:00\" \/>\n<meta property=\"og:image\" content=\"https:\/\/www.portalmiradouro.com.br\/site\/wp-content\/uploads\/2025\/11\/image001-6.png\" \/>\n<meta name=\"twitter:card\" content=\"summary_large_image\" \/>\n<meta name=\"twitter:label1\" content=\"Written by\" \/>\n\t<meta name=\"twitter:data1\" content=\"Portal Miradouro\" \/>\n\t<meta name=\"twitter:label2\" content=\"Est. reading time\" \/>\n\t<meta name=\"twitter:data2\" content=\"4 minutos\" \/>\n<script type=\"application\/ld+json\" class=\"yoast-schema-graph\">{\"@context\":\"https:\/\/schema.org\",\"@graph\":[{\"@type\":\"WebSite\",\"@id\":\"https:\/\/www.portalmiradouro.com.br\/site\/#website\",\"url\":\"https:\/\/www.portalmiradouro.com.br\/site\/\",\"name\":\"Portal Miradouro\",\"description\":\"O seu portal de not\\u00edcias\",\"potentialAction\":[{\"@type\":\"SearchAction\",\"target\":{\"@type\":\"EntryPoint\",\"urlTemplate\":\"https:\/\/www.portalmiradouro.com.br\/site\/?s={search_term_string}\"},\"query-input\":\"required name=search_term_string\"}],\"inLanguage\":\"pt-BR\"},{\"@type\":\"ImageObject\",\"@id\":\"https:\/\/www.portalmiradouro.com.br\/site\/2025\/11\/19\/2a-mostra-de-cinema-de-betim-celebra-o-grupo-energisa-como-referencia-nacional-em-investimentos-culturais-e-sociais\/#primaryimage\",\"inLanguage\":\"pt-BR\",\"url\":\"https:\/\/www.portalmiradouro.com.br\/site\/wp-content\/uploads\/2025\/11\/image001-6.png\",\"contentUrl\":\"https:\/\/www.portalmiradouro.com.br\/site\/wp-content\/uploads\/2025\/11\/image001-6.png\",\"width\":790,\"height\":507},{\"@type\":\"WebPage\",\"@id\":\"https:\/\/www.portalmiradouro.com.br\/site\/2025\/11\/19\/2a-mostra-de-cinema-de-betim-celebra-o-grupo-energisa-como-referencia-nacional-em-investimentos-culturais-e-sociais\/#webpage\",\"url\":\"https:\/\/www.portalmiradouro.com.br\/site\/2025\/11\/19\/2a-mostra-de-cinema-de-betim-celebra-o-grupo-energisa-como-referencia-nacional-em-investimentos-culturais-e-sociais\/\",\"name\":\"2\\u00aa Mostra de Cinema de Betim celebra o Grupo Energisa como refer\\u00eancia nacional em investimentos culturais e sociais - Portal Miradouro\",\"isPartOf\":{\"@id\":\"https:\/\/www.portalmiradouro.com.br\/site\/#website\"},\"primaryImageOfPage\":{\"@id\":\"https:\/\/www.portalmiradouro.com.br\/site\/2025\/11\/19\/2a-mostra-de-cinema-de-betim-celebra-o-grupo-energisa-como-referencia-nacional-em-investimentos-culturais-e-sociais\/#primaryimage\"},\"datePublished\":\"2025-11-19T23:28:31+00:00\",\"dateModified\":\"2025-11-19T23:28:31+00:00\",\"author\":{\"@id\":\"https:\/\/www.portalmiradouro.com.br\/site\/#\/schema\/person\/4cc54eb1e2669057670c45f0992e49e6\"},\"description\":\"2\\u00aa Mostra de Cinema de Betim celebra o Grupo Energisa como refer\\u00eancia nacional em investimentos culturais e sociais\",\"breadcrumb\":{\"@id\":\"https:\/\/www.portalmiradouro.com.br\/site\/2025\/11\/19\/2a-mostra-de-cinema-de-betim-celebra-o-grupo-energisa-como-referencia-nacional-em-investimentos-culturais-e-sociais\/#breadcrumb\"},\"inLanguage\":\"pt-BR\",\"potentialAction\":[{\"@type\":\"ReadAction\",\"target\":[\"https:\/\/www.portalmiradouro.com.br\/site\/2025\/11\/19\/2a-mostra-de-cinema-de-betim-celebra-o-grupo-energisa-como-referencia-nacional-em-investimentos-culturais-e-sociais\/\"]}]},{\"@type\":\"BreadcrumbList\",\"@id\":\"https:\/\/www.portalmiradouro.com.br\/site\/2025\/11\/19\/2a-mostra-de-cinema-de-betim-celebra-o-grupo-energisa-como-referencia-nacional-em-investimentos-culturais-e-sociais\/#breadcrumb\",\"itemListElement\":[{\"@type\":\"ListItem\",\"position\":1,\"name\":\"Home\",\"item\":\"https:\/\/www.portalmiradouro.com.br\/site\/\"},{\"@type\":\"ListItem\",\"position\":2,\"name\":\"2\\u00aa Mostra de Cinema de Betim celebra o Grupo Energisa como refer\\u00eancia nacional em investimentos culturais e sociais\"}]},{\"@type\":\"Person\",\"@id\":\"https:\/\/www.portalmiradouro.com.br\/site\/#\/schema\/person\/4cc54eb1e2669057670c45f0992e49e6\",\"name\":\"Portal Miradouro\",\"image\":{\"@type\":\"ImageObject\",\"@id\":\"https:\/\/www.portalmiradouro.com.br\/site\/#personlogo\",\"inLanguage\":\"pt-BR\",\"url\":\"https:\/\/secure.gravatar.com\/avatar\/183be5e806e4db6ca84a30fef12e1fcb?s=96&d=mm&r=g\",\"contentUrl\":\"https:\/\/secure.gravatar.com\/avatar\/183be5e806e4db6ca84a30fef12e1fcb?s=96&d=mm&r=g\",\"caption\":\"Portal Miradouro\"},\"sameAs\":[\"http:\/\/www.portalmiradouro.com.br\",\"https:\/\/www.facebook.com\/Portalmiradouro.com.br\",\"https:\/\/www.instagram.com\/portalmiradouro\/\",\"https:\/\/www.linkedin.com\/in\/portal-miradouro-56171b126\/\",\"https:\/\/www.youtube.com\/channel\/UCxin3iT2BCsLZneNCXn2I4w\"],\"url\":\"https:\/\/www.portalmiradouro.com.br\/site\/author\/portal\/\"}]}<\/script>\n<!-- \/ Yoast SEO plugin. -->","yoast_head_json":{"title":"2\u00aa Mostra de Cinema de Betim celebra o Grupo Energisa como refer\u00eancia nacional em investimentos culturais e sociais - Portal Miradouro","description":"2\u00aa Mostra de Cinema de Betim celebra o Grupo Energisa como refer\u00eancia nacional em investimentos culturais e sociais","robots":{"index":"index","follow":"follow","max-snippet":"max-snippet:-1","max-image-preview":"max-image-preview:large","max-video-preview":"max-video-preview:-1"},"canonical":"https:\/\/www.portalmiradouro.com.br\/site\/2025\/11\/19\/2a-mostra-de-cinema-de-betim-celebra-o-grupo-energisa-como-referencia-nacional-em-investimentos-culturais-e-sociais\/","og_locale":"pt_BR","og_type":"article","og_title":"2\u00aa Mostra de Cinema de Betim celebra o Grupo Energisa como refer\u00eancia nacional em investimentos culturais e sociais - Portal Miradouro","og_description":"2\u00aa Mostra de Cinema de Betim celebra o Grupo Energisa como refer\u00eancia nacional em investimentos culturais e sociais","og_url":"https:\/\/www.portalmiradouro.com.br\/site\/2025\/11\/19\/2a-mostra-de-cinema-de-betim-celebra-o-grupo-energisa-como-referencia-nacional-em-investimentos-culturais-e-sociais\/","og_site_name":"Portal Miradouro","article_publisher":"https:\/\/www.facebook.com\/portalmiradouro2020","article_author":"https:\/\/www.facebook.com\/Portalmiradouro.com.br","article_published_time":"2025-11-19T23:28:31+00:00","og_image":[{"url":"https:\/\/www.portalmiradouro.com.br\/site\/wp-content\/uploads\/2025\/11\/image001-6.png"}],"twitter_card":"summary_large_image","twitter_misc":{"Written by":"Portal Miradouro","Est. reading time":"4 minutos"},"schema":{"@context":"https:\/\/schema.org","@graph":[{"@type":"WebSite","@id":"https:\/\/www.portalmiradouro.com.br\/site\/#website","url":"https:\/\/www.portalmiradouro.com.br\/site\/","name":"Portal Miradouro","description":"O seu portal de not\u00edcias","potentialAction":[{"@type":"SearchAction","target":{"@type":"EntryPoint","urlTemplate":"https:\/\/www.portalmiradouro.com.br\/site\/?s={search_term_string}"},"query-input":"required name=search_term_string"}],"inLanguage":"pt-BR"},{"@type":"ImageObject","@id":"https:\/\/www.portalmiradouro.com.br\/site\/2025\/11\/19\/2a-mostra-de-cinema-de-betim-celebra-o-grupo-energisa-como-referencia-nacional-em-investimentos-culturais-e-sociais\/#primaryimage","inLanguage":"pt-BR","url":"https:\/\/www.portalmiradouro.com.br\/site\/wp-content\/uploads\/2025\/11\/image001-6.png","contentUrl":"https:\/\/www.portalmiradouro.com.br\/site\/wp-content\/uploads\/2025\/11\/image001-6.png","width":790,"height":507},{"@type":"WebPage","@id":"https:\/\/www.portalmiradouro.com.br\/site\/2025\/11\/19\/2a-mostra-de-cinema-de-betim-celebra-o-grupo-energisa-como-referencia-nacional-em-investimentos-culturais-e-sociais\/#webpage","url":"https:\/\/www.portalmiradouro.com.br\/site\/2025\/11\/19\/2a-mostra-de-cinema-de-betim-celebra-o-grupo-energisa-como-referencia-nacional-em-investimentos-culturais-e-sociais\/","name":"2\u00aa Mostra de Cinema de Betim celebra o Grupo Energisa como refer\u00eancia nacional em investimentos culturais e sociais - Portal Miradouro","isPartOf":{"@id":"https:\/\/www.portalmiradouro.com.br\/site\/#website"},"primaryImageOfPage":{"@id":"https:\/\/www.portalmiradouro.com.br\/site\/2025\/11\/19\/2a-mostra-de-cinema-de-betim-celebra-o-grupo-energisa-como-referencia-nacional-em-investimentos-culturais-e-sociais\/#primaryimage"},"datePublished":"2025-11-19T23:28:31+00:00","dateModified":"2025-11-19T23:28:31+00:00","author":{"@id":"https:\/\/www.portalmiradouro.com.br\/site\/#\/schema\/person\/4cc54eb1e2669057670c45f0992e49e6"},"description":"2\u00aa Mostra de Cinema de Betim celebra o Grupo Energisa como refer\u00eancia nacional em investimentos culturais e sociais","breadcrumb":{"@id":"https:\/\/www.portalmiradouro.com.br\/site\/2025\/11\/19\/2a-mostra-de-cinema-de-betim-celebra-o-grupo-energisa-como-referencia-nacional-em-investimentos-culturais-e-sociais\/#breadcrumb"},"inLanguage":"pt-BR","potentialAction":[{"@type":"ReadAction","target":["https:\/\/www.portalmiradouro.com.br\/site\/2025\/11\/19\/2a-mostra-de-cinema-de-betim-celebra-o-grupo-energisa-como-referencia-nacional-em-investimentos-culturais-e-sociais\/"]}]},{"@type":"BreadcrumbList","@id":"https:\/\/www.portalmiradouro.com.br\/site\/2025\/11\/19\/2a-mostra-de-cinema-de-betim-celebra-o-grupo-energisa-como-referencia-nacional-em-investimentos-culturais-e-sociais\/#breadcrumb","itemListElement":[{"@type":"ListItem","position":1,"name":"Home","item":"https:\/\/www.portalmiradouro.com.br\/site\/"},{"@type":"ListItem","position":2,"name":"2\u00aa Mostra de Cinema de Betim celebra o Grupo Energisa como refer\u00eancia nacional em investimentos culturais e sociais"}]},{"@type":"Person","@id":"https:\/\/www.portalmiradouro.com.br\/site\/#\/schema\/person\/4cc54eb1e2669057670c45f0992e49e6","name":"Portal Miradouro","image":{"@type":"ImageObject","@id":"https:\/\/www.portalmiradouro.com.br\/site\/#personlogo","inLanguage":"pt-BR","url":"https:\/\/secure.gravatar.com\/avatar\/183be5e806e4db6ca84a30fef12e1fcb?s=96&d=mm&r=g","contentUrl":"https:\/\/secure.gravatar.com\/avatar\/183be5e806e4db6ca84a30fef12e1fcb?s=96&d=mm&r=g","caption":"Portal Miradouro"},"sameAs":["http:\/\/www.portalmiradouro.com.br","https:\/\/www.facebook.com\/Portalmiradouro.com.br","https:\/\/www.instagram.com\/portalmiradouro\/","https:\/\/www.linkedin.com\/in\/portal-miradouro-56171b126\/","https:\/\/www.youtube.com\/channel\/UCxin3iT2BCsLZneNCXn2I4w"],"url":"https:\/\/www.portalmiradouro.com.br\/site\/author\/portal\/"}]}},"coauthors":[],"tax_additional":{"categories":{"linked":["<a href=\"https:\/\/www.portalmiradouro.com.br\/site\/category\/portal\/\" class=\"advgb-post-tax-term\">Destaque<\/a>"],"unlinked":["<span class=\"advgb-post-tax-term\">Destaque<\/span>"]},"tags":{"linked":["<a href=\"https:\/\/www.portalmiradouro.com.br\/site\/category\/portal\/\" class=\"advgb-post-tax-term\">cultura<\/a>","<a href=\"https:\/\/www.portalmiradouro.com.br\/site\/category\/portal\/\" class=\"advgb-post-tax-term\">Energisa<\/a>","<a href=\"https:\/\/www.portalmiradouro.com.br\/site\/category\/portal\/\" class=\"advgb-post-tax-term\">Minas Gerais<\/a>","<a href=\"https:\/\/www.portalmiradouro.com.br\/site\/category\/portal\/\" class=\"advgb-post-tax-term\">Projeto Social<\/a>","<a href=\"https:\/\/www.portalmiradouro.com.br\/site\/category\/portal\/\" class=\"advgb-post-tax-term\">Rio de Janeiro<\/a>"],"unlinked":["<span class=\"advgb-post-tax-term\">cultura<\/span>","<span class=\"advgb-post-tax-term\">Energisa<\/span>","<span class=\"advgb-post-tax-term\">Minas Gerais<\/span>","<span class=\"advgb-post-tax-term\">Projeto Social<\/span>","<span class=\"advgb-post-tax-term\">Rio de Janeiro<\/span>"]}},"comment_count":"0","relative_dates":{"created":"Posted 5 meses ago","modified":"Updated 5 meses ago"},"absolute_dates":{"created":"Posted on 19 de novembro de 2025","modified":"Updated on 19 de novembro de 2025"},"absolute_dates_time":{"created":"Posted on 19 de novembro de 2025 20:28","modified":"Updated on 19 de novembro de 2025 20:28"},"featured_img_caption":"","_links":{"self":[{"href":"https:\/\/www.portalmiradouro.com.br\/site\/wp-json\/wp\/v2\/posts\/34265"}],"collection":[{"href":"https:\/\/www.portalmiradouro.com.br\/site\/wp-json\/wp\/v2\/posts"}],"about":[{"href":"https:\/\/www.portalmiradouro.com.br\/site\/wp-json\/wp\/v2\/types\/post"}],"author":[{"embeddable":true,"href":"https:\/\/www.portalmiradouro.com.br\/site\/wp-json\/wp\/v2\/users\/2"}],"replies":[{"embeddable":true,"href":"https:\/\/www.portalmiradouro.com.br\/site\/wp-json\/wp\/v2\/comments?post=34265"}],"version-history":[{"count":2,"href":"https:\/\/www.portalmiradouro.com.br\/site\/wp-json\/wp\/v2\/posts\/34265\/revisions"}],"predecessor-version":[{"id":34269,"href":"https:\/\/www.portalmiradouro.com.br\/site\/wp-json\/wp\/v2\/posts\/34265\/revisions\/34269"}],"wp:attachment":[{"href":"https:\/\/www.portalmiradouro.com.br\/site\/wp-json\/wp\/v2\/media?parent=34265"}],"wp:term":[{"taxonomy":"category","embeddable":true,"href":"https:\/\/www.portalmiradouro.com.br\/site\/wp-json\/wp\/v2\/categories?post=34265"},{"taxonomy":"post_tag","embeddable":true,"href":"https:\/\/www.portalmiradouro.com.br\/site\/wp-json\/wp\/v2\/tags?post=34265"}],"curies":[{"name":"wp","href":"https:\/\/api.w.org\/{rel}","templated":true}]}}