{"id":35624,"date":"2026-04-28T07:34:28","date_gmt":"2026-04-28T10:34:28","guid":{"rendered":"https:\/\/www.portalmiradouro.com.br\/site\/?p=35624"},"modified":"2026-04-28T07:34:44","modified_gmt":"2026-04-28T10:34:44","slug":"engavetamento-envolvendo-quatro-veiculos-e-registrado-em-frente-a-rodoviaria-de-juiz-de-fora","status":"publish","type":"post","link":"https:\/\/www.portalmiradouro.com.br\/site\/2026\/04\/28\/engavetamento-envolvendo-quatro-veiculos-e-registrado-em-frente-a-rodoviaria-de-juiz-de-fora\/","title":{"rendered":"Engavetamento envolvendo quatro ve\u00edculos \u00e9 registrado em frente \u00e0 rodovi\u00e1ria de Juiz de Fora"},"content":{"rendered":"<p data-start=\"0\" data-end=\"96\"><a href=\"https:\/\/www.portalmiradouro.com.br\/site\/2026\/04\/28\/engavetamento-envolvendo-quatro-veiculos-e-registrado-em-frente-a-rodoviaria-de-juiz-de-fora\/02-564\/\" rel=\"attachment wp-att-35626\"><img loading=\"lazy\" class=\"aligncenter size-full wp-image-35626\" src=\"https:\/\/www.portalmiradouro.com.br\/site\/wp-content\/uploads\/2026\/04\/02-1.jpeg\" alt=\"\" width=\"790\" height=\"431\" \/><\/a><\/p>\n<p data-start=\"0\" data-end=\"96\"><a href=\"https:\/\/www.portalmiradouro.com.br\/site\/2026\/04\/28\/engavetamento-envolvendo-quatro-veiculos-e-registrado-em-frente-a-rodoviaria-de-juiz-de-fora\/01-593\/\" rel=\"attachment wp-att-35625\"><img loading=\"lazy\" class=\"aligncenter size-full wp-image-35625\" src=\"https:\/\/www.portalmiradouro.com.br\/site\/wp-content\/uploads\/2026\/04\/01-1.jpeg\" alt=\"\" width=\"790\" height=\"526\" \/><\/a><\/p>\n<p data-start=\"0\" data-end=\"96\"><a href=\"https:\/\/www.portalmiradouro.com.br\/site\/2026\/04\/28\/engavetamento-envolvendo-quatro-veiculos-e-registrado-em-frente-a-rodoviaria-de-juiz-de-fora\/03-467\/\" rel=\"attachment wp-att-35627\"><img loading=\"lazy\" class=\"aligncenter size-full wp-image-35627\" src=\"https:\/\/www.portalmiradouro.com.br\/site\/wp-content\/uploads\/2026\/04\/03-1.jpeg\" alt=\"\" width=\"591\" height=\"527\" \/><\/a><\/p>\n<p data-start=\"98\" data-end=\"336\"><span style=\"color: #000000;\">O <span class=\"hover:entity-accent entity-underline inline cursor-pointer align-baseline\"><span class=\"whitespace-normal\">Corpo de Bombeiros Militar de Minas Gerais<\/span><\/span> atendeu, nesta data, uma ocorr\u00eancia de colis\u00e3o traseira envolvendo quatro ve\u00edculos de passeio em <span class=\"hover:entity-accent entity-underline inline cursor-pointer align-baseline\"><span class=\"whitespace-normal\">Juiz de Fora<\/span><\/span>. O acidente foi registrado em frente \u00e0 rodovi\u00e1ria do munic\u00edpio.<\/span><\/p>\n<p data-start=\"338\" data-end=\"586\"><span dir=\"auto\" style=\"color: #000000;\">De acordo com os bombeiros, foi um engavetamento. O primeiro ve\u00edculo foi atingido na traseira por um segundo carro, que, na sequ\u00eancia, foi colidido por um terceiro. Este,<\/span><\/p>\n<p data-start=\"588\" data-end=\"857\"><span style=\"color: #000000;\">Entre os envolvidos, um condutor e um passageiro apresentaram queixas de cervicalgia. Ambos receberam atendimento no local e foram encaminhados por uma Unidade de Suporte B\u00e1sico (USB 06) do <span class=\"hover:entity-accent entity-underline inline cursor-pointer align-baseline\"><span class=\"whitespace-normal\">Servi\u00e7o de Atendimento M\u00f3vel de Urg\u00eancia<\/span><\/span> para avalia\u00e7\u00e3o em uma unidade hospitalar.<\/span><\/p>\n<p data-start=\"859\" data-end=\"995\"><span style=\"color: #000000;\">As demais pessoas envolvidas n\u00e3o sofreram ferimentos e j\u00e1 se encontravam fora dos ve\u00edculos no momento da chegada das equipes de resgate.<\/span><\/p>\n<p data-start=\"997\" data-end=\"1287\"><span style=\"color: #000000;\">Segundo o Corpo de Bombeiros, n\u00e3o houve v\u00edtimas encarceradas. A atua\u00e7\u00e3o das guarni\u00e7\u00f5es se concentrou no apoio \u00e0 retirada segura das v\u00edtimas, isolamento da \u00e1rea, posicionamento estrat\u00e9gico das viaturas para prote\u00e7\u00e3o da cena, desconex\u00e3o das baterias dos ve\u00edculos e avalia\u00e7\u00e3o geral dos riscos.<\/span><\/p>\n<p data-start=\"1289\" data-end=\"1440\"><span style=\"color: #000000;\">A <span class=\"hover:entity-accent entity-underline inline cursor-pointer align-baseline\"><span class=\"whitespace-normal\">Pol\u00edcia Militar de Minas Gerais<\/span><\/span> tamb\u00e9m esteve presente e ficou respons\u00e1vel pelos procedimentos de praxe, al\u00e9m do controle do tr\u00e2nsito no local.<\/span><\/p>\n<p data-start=\"1442\" data-end=\"1512\" data-is-last-node=\"\" data-is-only-node=\"\"><span style=\"color: #000000;\">Apesar do impacto da ocorr\u00eancia, n\u00e3o houve registro de v\u00edtimas fatais.<\/span><\/p>\n","protected":false},"excerpt":{"rendered":"<p>O Corpo de Bombeiros Militar de Minas Gerais atendeu, nesta data, uma ocorr\u00eancia de colis\u00e3o traseira envolvendo quatro ve\u00edculos de passeio em Juiz de Fora. O acidente foi registrado em frente \u00e0 rodovi\u00e1ria do munic\u00edpio. De acordo com os bombeiros, foi um engavetamento. O primeiro ve\u00edculo foi atingido na traseira por um segundo carro, que, na sequ\u00eancia, foi colidido por um terceiro. Este, Entre os envolvidos, um condutor e um passageiro apresentaram queixas de cervicalgia. Ambos receberam atendimento no local e foram encaminhados por uma Unidade de Suporte B\u00e1sico (USB 06) do Servi\u00e7o de Atendimento M\u00f3vel de Urg\u00eancia para avalia\u00e7\u00e3o em uma unidade hospitalar. As demais pessoas envolvidas n\u00e3o sofreram ferimentos e j\u00e1 se encontravam fora dos ve\u00edculos no momento da chegada das equipes de resgate. Segundo o Corpo de Bombeiros, n\u00e3o houve v\u00edtimas encarceradas. A atua\u00e7\u00e3o das guarni\u00e7\u00f5es se concentrou no apoio \u00e0 retirada segura das v\u00edtimas, isolamento da \u00e1rea, posicionamento estrat\u00e9gico das viaturas para prote\u00e7\u00e3o da cena, desconex\u00e3o das baterias dos ve\u00edculos e avalia\u00e7\u00e3o geral dos riscos. A Pol\u00edcia Militar de Minas Gerais tamb\u00e9m esteve presente e ficou respons\u00e1vel pelos procedimentos de praxe, al\u00e9m do controle do tr\u00e2nsito no local. Apesar do impacto da ocorr\u00eancia, n\u00e3o houve registro de v\u00edtimas fatais.<\/p>\n","protected":false},"author":2,"featured_media":35628,"comment_status":"open","ping_status":"open","sticky":false,"template":"","format":"standard","meta":{"advgb_blocks_editor_width":"","advgb_blocks_columns_visual_guide":""},"categories":[1,9,5],"tags":[143,379,3823,162],"author_meta":{"display_name":"Portal Miradouro","author_link":"https:\/\/www.portalmiradouro.com.br\/site\/author\/portal\/"},"featured_img":"https:\/\/www.portalmiradouro.com.br\/site\/wp-content\/uploads\/2026\/04\/capa-1-300x225.jpeg","yoast_head":"<!-- This site is optimized with the Yoast SEO plugin v17.7.1 - https:\/\/yoast.com\/wordpress\/plugins\/seo\/ -->\n<title>Engavetamento envolvendo quatro ve\u00edculos \u00e9 registrado em frente \u00e0 rodovi\u00e1ria de Juiz de Fora - Portal Miradouro<\/title>\n<meta name=\"description\" content=\"Engavetamento envolvendo quatro ve\u00edculos \u00e9 registrado em frente \u00e0 rodovi\u00e1ria de Juiz de Fora\" \/>\n<meta name=\"robots\" content=\"index, follow, max-snippet:-1, max-image-preview:large, max-video-preview:-1\" \/>\n<link rel=\"canonical\" href=\"https:\/\/www.portalmiradouro.com.br\/site\/2026\/04\/28\/engavetamento-envolvendo-quatro-veiculos-e-registrado-em-frente-a-rodoviaria-de-juiz-de-fora\/\" \/>\n<meta property=\"og:locale\" content=\"pt_BR\" \/>\n<meta property=\"og:type\" content=\"article\" \/>\n<meta property=\"og:title\" content=\"Engavetamento envolvendo quatro ve\u00edculos \u00e9 registrado em frente \u00e0 rodovi\u00e1ria de Juiz de Fora - Portal Miradouro\" \/>\n<meta property=\"og:description\" content=\"Engavetamento envolvendo quatro ve\u00edculos \u00e9 registrado em frente \u00e0 rodovi\u00e1ria de Juiz de Fora\" \/>\n<meta property=\"og:url\" content=\"https:\/\/www.portalmiradouro.com.br\/site\/2026\/04\/28\/engavetamento-envolvendo-quatro-veiculos-e-registrado-em-frente-a-rodoviaria-de-juiz-de-fora\/\" \/>\n<meta property=\"og:site_name\" content=\"Portal Miradouro\" \/>\n<meta property=\"article:publisher\" content=\"https:\/\/www.facebook.com\/portalmiradouro2020\" \/>\n<meta property=\"article:author\" content=\"https:\/\/www.facebook.com\/Portalmiradouro.com.br\" \/>\n<meta property=\"article:published_time\" content=\"2026-04-28T10:34:28+00:00\" \/>\n<meta property=\"article:modified_time\" content=\"2026-04-28T10:34:44+00:00\" \/>\n<meta property=\"og:image\" content=\"https:\/\/www.portalmiradouro.com.br\/site\/wp-content\/uploads\/2026\/04\/capa-1.jpeg\" \/>\n\t<meta property=\"og:image:width\" content=\"702\" \/>\n\t<meta property=\"og:image:height\" content=\"527\" \/>\n<meta name=\"twitter:card\" content=\"summary_large_image\" \/>\n<meta name=\"twitter:label1\" content=\"Written by\" \/>\n\t<meta name=\"twitter:data1\" content=\"Portal Miradouro\" \/>\n\t<meta name=\"twitter:label2\" content=\"Est. reading time\" \/>\n\t<meta name=\"twitter:data2\" content=\"2 minutos\" \/>\n<script type=\"application\/ld+json\" class=\"yoast-schema-graph\">{\"@context\":\"https:\/\/schema.org\",\"@graph\":[{\"@type\":\"WebSite\",\"@id\":\"https:\/\/www.portalmiradouro.com.br\/site\/#website\",\"url\":\"https:\/\/www.portalmiradouro.com.br\/site\/\",\"name\":\"Portal Miradouro\",\"description\":\"O seu portal de not\\u00edcias\",\"potentialAction\":[{\"@type\":\"SearchAction\",\"target\":{\"@type\":\"EntryPoint\",\"urlTemplate\":\"https:\/\/www.portalmiradouro.com.br\/site\/?s={search_term_string}\"},\"query-input\":\"required name=search_term_string\"}],\"inLanguage\":\"pt-BR\"},{\"@type\":\"ImageObject\",\"@id\":\"https:\/\/www.portalmiradouro.com.br\/site\/2026\/04\/28\/engavetamento-envolvendo-quatro-veiculos-e-registrado-em-frente-a-rodoviaria-de-juiz-de-fora\/#primaryimage\",\"inLanguage\":\"pt-BR\",\"url\":\"https:\/\/www.portalmiradouro.com.br\/site\/wp-content\/uploads\/2026\/04\/capa-1.jpeg\",\"contentUrl\":\"https:\/\/www.portalmiradouro.com.br\/site\/wp-content\/uploads\/2026\/04\/capa-1.jpeg\",\"width\":702,\"height\":527},{\"@type\":\"WebPage\",\"@id\":\"https:\/\/www.portalmiradouro.com.br\/site\/2026\/04\/28\/engavetamento-envolvendo-quatro-veiculos-e-registrado-em-frente-a-rodoviaria-de-juiz-de-fora\/#webpage\",\"url\":\"https:\/\/www.portalmiradouro.com.br\/site\/2026\/04\/28\/engavetamento-envolvendo-quatro-veiculos-e-registrado-em-frente-a-rodoviaria-de-juiz-de-fora\/\",\"name\":\"Engavetamento envolvendo quatro ve\\u00edculos \\u00e9 registrado em frente \\u00e0 rodovi\\u00e1ria de Juiz de Fora - Portal Miradouro\",\"isPartOf\":{\"@id\":\"https:\/\/www.portalmiradouro.com.br\/site\/#website\"},\"primaryImageOfPage\":{\"@id\":\"https:\/\/www.portalmiradouro.com.br\/site\/2026\/04\/28\/engavetamento-envolvendo-quatro-veiculos-e-registrado-em-frente-a-rodoviaria-de-juiz-de-fora\/#primaryimage\"},\"datePublished\":\"2026-04-28T10:34:28+00:00\",\"dateModified\":\"2026-04-28T10:34:44+00:00\",\"author\":{\"@id\":\"https:\/\/www.portalmiradouro.com.br\/site\/#\/schema\/person\/4cc54eb1e2669057670c45f0992e49e6\"},\"description\":\"Engavetamento envolvendo quatro ve\\u00edculos \\u00e9 registrado em frente \\u00e0 rodovi\\u00e1ria de Juiz de Fora\",\"breadcrumb\":{\"@id\":\"https:\/\/www.portalmiradouro.com.br\/site\/2026\/04\/28\/engavetamento-envolvendo-quatro-veiculos-e-registrado-em-frente-a-rodoviaria-de-juiz-de-fora\/#breadcrumb\"},\"inLanguage\":\"pt-BR\",\"potentialAction\":[{\"@type\":\"ReadAction\",\"target\":[\"https:\/\/www.portalmiradouro.com.br\/site\/2026\/04\/28\/engavetamento-envolvendo-quatro-veiculos-e-registrado-em-frente-a-rodoviaria-de-juiz-de-fora\/\"]}]},{\"@type\":\"BreadcrumbList\",\"@id\":\"https:\/\/www.portalmiradouro.com.br\/site\/2026\/04\/28\/engavetamento-envolvendo-quatro-veiculos-e-registrado-em-frente-a-rodoviaria-de-juiz-de-fora\/#breadcrumb\",\"itemListElement\":[{\"@type\":\"ListItem\",\"position\":1,\"name\":\"Home\",\"item\":\"https:\/\/www.portalmiradouro.com.br\/site\/\"},{\"@type\":\"ListItem\",\"position\":2,\"name\":\"Engavetamento envolvendo quatro ve\\u00edculos \\u00e9 registrado em frente \\u00e0 rodovi\\u00e1ria de Juiz de Fora\"}]},{\"@type\":\"Person\",\"@id\":\"https:\/\/www.portalmiradouro.com.br\/site\/#\/schema\/person\/4cc54eb1e2669057670c45f0992e49e6\",\"name\":\"Portal Miradouro\",\"image\":{\"@type\":\"ImageObject\",\"@id\":\"https:\/\/www.portalmiradouro.com.br\/site\/#personlogo\",\"inLanguage\":\"pt-BR\",\"url\":\"https:\/\/secure.gravatar.com\/avatar\/183be5e806e4db6ca84a30fef12e1fcb?s=96&d=mm&r=g\",\"contentUrl\":\"https:\/\/secure.gravatar.com\/avatar\/183be5e806e4db6ca84a30fef12e1fcb?s=96&d=mm&r=g\",\"caption\":\"Portal Miradouro\"},\"sameAs\":[\"http:\/\/www.portalmiradouro.com.br\",\"https:\/\/www.facebook.com\/Portalmiradouro.com.br\",\"https:\/\/www.instagram.com\/portalmiradouro\/\",\"https:\/\/www.linkedin.com\/in\/portal-miradouro-56171b126\/\",\"https:\/\/www.youtube.com\/channel\/UCxin3iT2BCsLZneNCXn2I4w\"],\"url\":\"https:\/\/www.portalmiradouro.com.br\/site\/author\/portal\/\"}]}<\/script>\n<!-- \/ Yoast SEO plugin. -->","yoast_head_json":{"title":"Engavetamento envolvendo quatro ve\u00edculos \u00e9 registrado em frente \u00e0 rodovi\u00e1ria de Juiz de Fora - Portal Miradouro","description":"Engavetamento envolvendo quatro ve\u00edculos \u00e9 registrado em frente \u00e0 rodovi\u00e1ria de Juiz de Fora","robots":{"index":"index","follow":"follow","max-snippet":"max-snippet:-1","max-image-preview":"max-image-preview:large","max-video-preview":"max-video-preview:-1"},"canonical":"https:\/\/www.portalmiradouro.com.br\/site\/2026\/04\/28\/engavetamento-envolvendo-quatro-veiculos-e-registrado-em-frente-a-rodoviaria-de-juiz-de-fora\/","og_locale":"pt_BR","og_type":"article","og_title":"Engavetamento envolvendo quatro ve\u00edculos \u00e9 registrado em frente \u00e0 rodovi\u00e1ria de Juiz de Fora - Portal Miradouro","og_description":"Engavetamento envolvendo quatro ve\u00edculos \u00e9 registrado em frente \u00e0 rodovi\u00e1ria de Juiz de Fora","og_url":"https:\/\/www.portalmiradouro.com.br\/site\/2026\/04\/28\/engavetamento-envolvendo-quatro-veiculos-e-registrado-em-frente-a-rodoviaria-de-juiz-de-fora\/","og_site_name":"Portal Miradouro","article_publisher":"https:\/\/www.facebook.com\/portalmiradouro2020","article_author":"https:\/\/www.facebook.com\/Portalmiradouro.com.br","article_published_time":"2026-04-28T10:34:28+00:00","article_modified_time":"2026-04-28T10:34:44+00:00","og_image":[{"width":702,"height":527,"url":"https:\/\/www.portalmiradouro.com.br\/site\/wp-content\/uploads\/2026\/04\/capa-1.jpeg","type":"image\/jpeg"}],"twitter_card":"summary_large_image","twitter_misc":{"Written by":"Portal Miradouro","Est. reading time":"2 minutos"},"schema":{"@context":"https:\/\/schema.org","@graph":[{"@type":"WebSite","@id":"https:\/\/www.portalmiradouro.com.br\/site\/#website","url":"https:\/\/www.portalmiradouro.com.br\/site\/","name":"Portal Miradouro","description":"O seu portal de not\u00edcias","potentialAction":[{"@type":"SearchAction","target":{"@type":"EntryPoint","urlTemplate":"https:\/\/www.portalmiradouro.com.br\/site\/?s={search_term_string}"},"query-input":"required name=search_term_string"}],"inLanguage":"pt-BR"},{"@type":"ImageObject","@id":"https:\/\/www.portalmiradouro.com.br\/site\/2026\/04\/28\/engavetamento-envolvendo-quatro-veiculos-e-registrado-em-frente-a-rodoviaria-de-juiz-de-fora\/#primaryimage","inLanguage":"pt-BR","url":"https:\/\/www.portalmiradouro.com.br\/site\/wp-content\/uploads\/2026\/04\/capa-1.jpeg","contentUrl":"https:\/\/www.portalmiradouro.com.br\/site\/wp-content\/uploads\/2026\/04\/capa-1.jpeg","width":702,"height":527},{"@type":"WebPage","@id":"https:\/\/www.portalmiradouro.com.br\/site\/2026\/04\/28\/engavetamento-envolvendo-quatro-veiculos-e-registrado-em-frente-a-rodoviaria-de-juiz-de-fora\/#webpage","url":"https:\/\/www.portalmiradouro.com.br\/site\/2026\/04\/28\/engavetamento-envolvendo-quatro-veiculos-e-registrado-em-frente-a-rodoviaria-de-juiz-de-fora\/","name":"Engavetamento envolvendo quatro ve\u00edculos \u00e9 registrado em frente \u00e0 rodovi\u00e1ria de Juiz de Fora - Portal Miradouro","isPartOf":{"@id":"https:\/\/www.portalmiradouro.com.br\/site\/#website"},"primaryImageOfPage":{"@id":"https:\/\/www.portalmiradouro.com.br\/site\/2026\/04\/28\/engavetamento-envolvendo-quatro-veiculos-e-registrado-em-frente-a-rodoviaria-de-juiz-de-fora\/#primaryimage"},"datePublished":"2026-04-28T10:34:28+00:00","dateModified":"2026-04-28T10:34:44+00:00","author":{"@id":"https:\/\/www.portalmiradouro.com.br\/site\/#\/schema\/person\/4cc54eb1e2669057670c45f0992e49e6"},"description":"Engavetamento envolvendo quatro ve\u00edculos \u00e9 registrado em frente \u00e0 rodovi\u00e1ria de Juiz de Fora","breadcrumb":{"@id":"https:\/\/www.portalmiradouro.com.br\/site\/2026\/04\/28\/engavetamento-envolvendo-quatro-veiculos-e-registrado-em-frente-a-rodoviaria-de-juiz-de-fora\/#breadcrumb"},"inLanguage":"pt-BR","potentialAction":[{"@type":"ReadAction","target":["https:\/\/www.portalmiradouro.com.br\/site\/2026\/04\/28\/engavetamento-envolvendo-quatro-veiculos-e-registrado-em-frente-a-rodoviaria-de-juiz-de-fora\/"]}]},{"@type":"BreadcrumbList","@id":"https:\/\/www.portalmiradouro.com.br\/site\/2026\/04\/28\/engavetamento-envolvendo-quatro-veiculos-e-registrado-em-frente-a-rodoviaria-de-juiz-de-fora\/#breadcrumb","itemListElement":[{"@type":"ListItem","position":1,"name":"Home","item":"https:\/\/www.portalmiradouro.com.br\/site\/"},{"@type":"ListItem","position":2,"name":"Engavetamento envolvendo quatro ve\u00edculos \u00e9 registrado em frente \u00e0 rodovi\u00e1ria de Juiz de Fora"}]},{"@type":"Person","@id":"https:\/\/www.portalmiradouro.com.br\/site\/#\/schema\/person\/4cc54eb1e2669057670c45f0992e49e6","name":"Portal Miradouro","image":{"@type":"ImageObject","@id":"https:\/\/www.portalmiradouro.com.br\/site\/#personlogo","inLanguage":"pt-BR","url":"https:\/\/secure.gravatar.com\/avatar\/183be5e806e4db6ca84a30fef12e1fcb?s=96&d=mm&r=g","contentUrl":"https:\/\/secure.gravatar.com\/avatar\/183be5e806e4db6ca84a30fef12e1fcb?s=96&d=mm&r=g","caption":"Portal Miradouro"},"sameAs":["http:\/\/www.portalmiradouro.com.br","https:\/\/www.facebook.com\/Portalmiradouro.com.br","https:\/\/www.instagram.com\/portalmiradouro\/","https:\/\/www.linkedin.com\/in\/portal-miradouro-56171b126\/","https:\/\/www.youtube.com\/channel\/UCxin3iT2BCsLZneNCXn2I4w"],"url":"https:\/\/www.portalmiradouro.com.br\/site\/author\/portal\/"}]}},"coauthors":[],"tax_additional":{"categories":{"linked":["<a href=\"https:\/\/www.portalmiradouro.com.br\/site\/category\/portal\/\" class=\"advgb-post-tax-term\">Destaque<\/a>","<a href=\"https:\/\/www.portalmiradouro.com.br\/site\/category\/noticias-lateral\/\" class=\"advgb-post-tax-term\">Not\u00edcias<\/a>","<a href=\"https:\/\/www.portalmiradouro.com.br\/site\/category\/portal-principal\/\" class=\"advgb-post-tax-term\">Portal Miradouro<\/a>"],"unlinked":["<span class=\"advgb-post-tax-term\">Destaque<\/span>","<span class=\"advgb-post-tax-term\">Not\u00edcias<\/span>","<span class=\"advgb-post-tax-term\">Portal Miradouro<\/span>"]},"tags":{"linked":["<a href=\"https:\/\/www.portalmiradouro.com.br\/site\/category\/portal-principal\/\" class=\"advgb-post-tax-term\">Acidente<\/a>","<a href=\"https:\/\/www.portalmiradouro.com.br\/site\/category\/portal-principal\/\" class=\"advgb-post-tax-term\">bombeiros<\/a>","<a href=\"https:\/\/www.portalmiradouro.com.br\/site\/category\/portal-principal\/\" class=\"advgb-post-tax-term\">ENGAFETAMENTO<\/a>","<a href=\"https:\/\/www.portalmiradouro.com.br\/site\/category\/portal-principal\/\" class=\"advgb-post-tax-term\">Juiz de Fora<\/a>"],"unlinked":["<span class=\"advgb-post-tax-term\">Acidente<\/span>","<span class=\"advgb-post-tax-term\">bombeiros<\/span>","<span class=\"advgb-post-tax-term\">ENGAFETAMENTO<\/span>","<span class=\"advgb-post-tax-term\">Juiz de Fora<\/span>"]}},"comment_count":"0","relative_dates":{"created":"Posted 5 dias ago","modified":"Updated 5 dias ago"},"absolute_dates":{"created":"Posted on 28 de abril de 2026","modified":"Updated on 28 de abril de 2026"},"absolute_dates_time":{"created":"Posted on 28 de abril de 2026 07:34","modified":"Updated on 28 de abril de 2026 07:34"},"featured_img_caption":"","_links":{"self":[{"href":"https:\/\/www.portalmiradouro.com.br\/site\/wp-json\/wp\/v2\/posts\/35624"}],"collection":[{"href":"https:\/\/www.portalmiradouro.com.br\/site\/wp-json\/wp\/v2\/posts"}],"about":[{"href":"https:\/\/www.portalmiradouro.com.br\/site\/wp-json\/wp\/v2\/types\/post"}],"author":[{"embeddable":true,"href":"https:\/\/www.portalmiradouro.com.br\/site\/wp-json\/wp\/v2\/users\/2"}],"replies":[{"embeddable":true,"href":"https:\/\/www.portalmiradouro.com.br\/site\/wp-json\/wp\/v2\/comments?post=35624"}],"version-history":[{"count":2,"href":"https:\/\/www.portalmiradouro.com.br\/site\/wp-json\/wp\/v2\/posts\/35624\/revisions"}],"predecessor-version":[{"id":35630,"href":"https:\/\/www.portalmiradouro.com.br\/site\/wp-json\/wp\/v2\/posts\/35624\/revisions\/35630"}],"wp:featuredmedia":[{"embeddable":true,"href":"https:\/\/www.portalmiradouro.com.br\/site\/wp-json\/wp\/v2\/media\/35628"}],"wp:attachment":[{"href":"https:\/\/www.portalmiradouro.com.br\/site\/wp-json\/wp\/v2\/media?parent=35624"}],"wp:term":[{"taxonomy":"category","embeddable":true,"href":"https:\/\/www.portalmiradouro.com.br\/site\/wp-json\/wp\/v2\/categories?post=35624"},{"taxonomy":"post_tag","embeddable":true,"href":"https:\/\/www.portalmiradouro.com.br\/site\/wp-json\/wp\/v2\/tags?post=35624"}],"curies":[{"name":"wp","href":"https:\/\/api.w.org\/{rel}","templated":true}]}}