{"id":35652,"date":"2026-04-30T22:39:38","date_gmt":"2026-05-01T01:39:38","guid":{"rendered":"https:\/\/www.portalmiradouro.com.br\/site\/?p=35652"},"modified":"2026-04-30T22:39:38","modified_gmt":"2026-05-01T01:39:38","slug":"foragido-ha-mais-de-5-anos-e-preso-em-operacao-conjunta-da-policia-militar-em-muriae","status":"publish","type":"post","link":"https:\/\/www.portalmiradouro.com.br\/site\/2026\/04\/30\/foragido-ha-mais-de-5-anos-e-preso-em-operacao-conjunta-da-policia-militar-em-muriae\/","title":{"rendered":"Foragido h\u00e1 mais de 5 anos \u00e9 preso em opera\u00e7\u00e3o conjunta da Pol\u00edcia Militar em Muria\u00e9"},"content":{"rendered":"<p data-start=\"0\" data-end=\"88\"><a href=\"https:\/\/www.portalmiradouro.com.br\/site\/2026\/04\/30\/foragido-ha-mais-de-5-anos-e-preso-em-operacao-conjunta-da-policia-militar-em-muriae\/whatsapp-image-2026-04-30-at-17-05-59-768x576\/\" rel=\"attachment wp-att-35653\"><img loading=\"lazy\" class=\"aligncenter size-full wp-image-35653\" src=\"https:\/\/www.portalmiradouro.com.br\/site\/wp-content\/uploads\/2026\/04\/WhatsApp-Image-2026-04-30-at-17.05.59-768x576-1.jpeg\" alt=\"\" width=\"703\" height=\"527\" \/><\/a><\/p>\n<p style=\"text-align: center;\" data-start=\"0\" data-end=\"88\"><span style=\"color: #000000;\">Fotos: R\u00e1dio Muria\u00e9, parceira do Portal Miraodouro<\/span><\/p>\n<p data-start=\"0\" data-end=\"88\"><a href=\"https:\/\/www.portalmiradouro.com.br\/site\/2026\/04\/30\/foragido-ha-mais-de-5-anos-e-preso-em-operacao-conjunta-da-policia-militar-em-muriae\/whatsapp-image-2026-04-30-at-17-32-36-3\/\" rel=\"attachment wp-att-35655\"><img loading=\"lazy\" class=\"aligncenter size-full wp-image-35655\" src=\"https:\/\/www.portalmiradouro.com.br\/site\/wp-content\/uploads\/2026\/04\/WhatsApp-Image-2026-04-30-at-17.32.36-3.jpeg\" alt=\"\" width=\"750\" height=\"500\" \/><\/a><\/p>\n<p data-start=\"90\" data-end=\"442\"><a href=\"https:\/\/www.portalmiradouro.com.br\/site\/2026\/04\/30\/foragido-ha-mais-de-5-anos-e-preso-em-operacao-conjunta-da-policia-militar-em-muriae\/whatsapp-image-2026-04-30-at-17-32-35-1\/\" rel=\"attachment wp-att-35654\"><img loading=\"lazy\" class=\"aligncenter size-full wp-image-35654\" src=\"https:\/\/www.portalmiradouro.com.br\/site\/wp-content\/uploads\/2026\/04\/WhatsApp-Image-2026-04-30-at-17.32.35-1.jpeg\" alt=\"\" width=\"750\" height=\"500\" \/><\/a><\/p>\n<p data-start=\"90\" data-end=\"442\"><span style=\"color: #000000;\">Um ho<\/span><span style=\"color: #000000;\">mem considerado de alta periculosidade e foragido da Justi\u00e7a h\u00e1 mais de cinco anos foi preso em <span class=\"hover:entity-accent entity-underline inline cursor-pointer align-baseline\"><span class=\"whitespace-normal\">Muria\u00e9<\/span><\/span> ap\u00f3s uma opera\u00e7\u00e3o conjunta envolvendo o 47\u00ba Batalh\u00e3o da Pol\u00edcia Militar e a 10\u00aa Companhia de Erv\u00e1lia. O indiv\u00edduo havia sido condenado a mais de 15 anos de pris\u00e3o por envolvimento em homic\u00eddio e tr\u00e1fico de drogas.<\/span><\/p>\n<p data-start=\"444\" data-end=\"860\"><span style=\"color: #000000;\">De acordo com informa\u00e7\u00f5es da Pol\u00edcia Militar, o paradeiro do suspeito come\u00e7ou a ser investigado h\u00e1 cerca de 20 dias, ap\u00f3s o recebimento de dados repassados pelo Tenente Maxwell, respons\u00e1vel pelo Pelot\u00e3o de <span class=\"hover:entity-accent entity-underline inline cursor-pointer align-baseline\"><span class=\"whitespace-normal\">Araponga<\/span><\/span>. A partir disso, o setor de intelig\u00eancia intensificou o levantamento de informa\u00e7\u00f5es e dilig\u00eancias para confirmar a localiza\u00e7\u00e3o do foragido, que estaria escondido em Muria\u00e9.<\/span><\/p>\n<p data-start=\"862\" data-end=\"1147\"><span style=\"color: #000000;\">Ap\u00f3s monitoramento cont\u00ednuo, os militares conseguiram confirmar a presen\u00e7a do homem em uma resid\u00eancia previamente identificada. Com base nas evid\u00eancias reunidas, as equipes se deslocaram at\u00e9 o local e realizaram a abordagem, efetuando a pris\u00e3o e cumprindo o mandado judicial em aberto.<\/span><\/p>\n<p data-start=\"1149\" data-end=\"1457\"><span style=\"color: #000000;\">Segundo o capit\u00e3o Reinaldo, a a\u00e7\u00e3o foi resultado da integra\u00e7\u00e3o entre as unidades da Pol\u00edcia Militar. J\u00e1 o Tenente Maxwell destacou a relev\u00e2ncia da pris\u00e3o, afirmando que o indiv\u00edduo \u00e9 apontado como um dos principais criminosos da regi\u00e3o, com forte atua\u00e7\u00e3o no tr\u00e1fico de drogas e liga\u00e7\u00e3o direta com homic\u00eddios. <\/span><span style=\"color: #000000;\">\u201c\u00c9 um indiv\u00edduo de extrema periculosidade, considerado o \u2018top 1\u2019 da regi\u00e3o. J\u00e1 est\u00e1vamos \u00e0 procura dele h\u00e1 bastante tempo, e gra\u00e7as \u00e0 troca de informa\u00e7\u00f5es entre as unidades, conseguimos localiz\u00e1-lo\u201d, afirmou o tenente.<\/span><\/p>\n<p data-start=\"1149\" data-end=\"1457\"><span style=\"color: #000000;\">Fonte: Portal Miradouro \/ Informa\u00e7\u00f5es site R\u00e1dio Muria\u00e9<\/span><\/p>\n","protected":false},"excerpt":{"rendered":"<p>Fotos: R\u00e1dio Muria\u00e9, parceira do Portal Miraodouro Um homem considerado de alta periculosidade e foragido da Justi\u00e7a h\u00e1 mais de cinco anos foi preso em Muria\u00e9 ap\u00f3s uma opera\u00e7\u00e3o conjunta envolvendo o 47\u00ba Batalh\u00e3o da Pol\u00edcia Militar e a 10\u00aa Companhia de Erv\u00e1lia. O indiv\u00edduo havia sido condenado a mais de 15 anos de pris\u00e3o por envolvimento em homic\u00eddio e tr\u00e1fico de drogas. De acordo com informa\u00e7\u00f5es da Pol\u00edcia Militar, o paradeiro do suspeito come\u00e7ou a ser investigado h\u00e1 cerca de 20 dias, ap\u00f3s o recebimento de dados repassados pelo Tenente Maxwell, respons\u00e1vel pelo Pelot\u00e3o de Araponga. A partir disso, o setor de intelig\u00eancia intensificou o levantamento de informa\u00e7\u00f5es e dilig\u00eancias para confirmar a localiza\u00e7\u00e3o do foragido, que estaria escondido em Muria\u00e9. Ap\u00f3s monitoramento cont\u00ednuo, os militares conseguiram confirmar a presen\u00e7a do homem em uma resid\u00eancia previamente identificada. Com base nas evid\u00eancias reunidas, as equipes se deslocaram at\u00e9 o local e realizaram a abordagem, efetuando a pris\u00e3o e cumprindo o mandado judicial em aberto. Segundo o capit\u00e3o Reinaldo, a a\u00e7\u00e3o foi resultado da integra\u00e7\u00e3o entre as unidades da Pol\u00edcia Militar. J\u00e1 o Tenente Maxwell destacou a relev\u00e2ncia da pris\u00e3o, afirmando que o indiv\u00edduo \u00e9 apontado como um dos principais criminosos da regi\u00e3o, com forte atua\u00e7\u00e3o no tr\u00e1fico de drogas e liga\u00e7\u00e3o direta com homic\u00eddios. \u201c\u00c9 um indiv\u00edduo de extrema periculosidade, considerado o \u2018top 1\u2019 da regi\u00e3o. J\u00e1 est\u00e1vamos \u00e0 procura dele h\u00e1 bastante tempo, e gra\u00e7as \u00e0 troca de informa\u00e7\u00f5es entre as unidades, conseguimos localiz\u00e1-lo\u201d, afirmou o tenente. Fonte: Portal Miradouro \/ Informa\u00e7\u00f5es site R\u00e1dio Muria\u00e9<\/p>\n","protected":false},"author":2,"featured_media":35656,"comment_status":"open","ping_status":"open","sticky":false,"template":"","format":"standard","meta":{"advgb_blocks_editor_width":"","advgb_blocks_columns_visual_guide":""},"categories":[1,935,9,5],"tags":[447,734,179,119,175],"author_meta":{"display_name":"Portal Miradouro","author_link":"https:\/\/www.portalmiradouro.com.br\/site\/author\/portal\/"},"featured_img":"https:\/\/www.portalmiradouro.com.br\/site\/wp-content\/uploads\/2026\/04\/0111-300x225.jpeg","yoast_head":"<!-- This site is optimized with the Yoast SEO plugin v17.7.1 - https:\/\/yoast.com\/wordpress\/plugins\/seo\/ -->\n<title>Foragido h\u00e1 mais de 5 anos \u00e9 preso em opera\u00e7\u00e3o conjunta da Pol\u00edcia Militar em Muria\u00e9 - Portal Miradouro<\/title>\n<meta name=\"description\" content=\"Foragido h\u00e1 mais de 5 anos \u00e9 preso em opera\u00e7\u00e3o conjunta da Pol\u00edcia Militar em Muria\u00e9\" \/>\n<meta name=\"robots\" content=\"index, follow, max-snippet:-1, max-image-preview:large, max-video-preview:-1\" \/>\n<link rel=\"canonical\" href=\"https:\/\/www.portalmiradouro.com.br\/site\/2026\/04\/30\/foragido-ha-mais-de-5-anos-e-preso-em-operacao-conjunta-da-policia-militar-em-muriae\/\" \/>\n<meta property=\"og:locale\" content=\"pt_BR\" \/>\n<meta property=\"og:type\" content=\"article\" \/>\n<meta property=\"og:title\" content=\"Foragido h\u00e1 mais de 5 anos \u00e9 preso em opera\u00e7\u00e3o conjunta da Pol\u00edcia Militar em Muria\u00e9 - Portal Miradouro\" \/>\n<meta property=\"og:description\" content=\"Foragido h\u00e1 mais de 5 anos \u00e9 preso em opera\u00e7\u00e3o conjunta da Pol\u00edcia Militar em Muria\u00e9\" \/>\n<meta property=\"og:url\" content=\"https:\/\/www.portalmiradouro.com.br\/site\/2026\/04\/30\/foragido-ha-mais-de-5-anos-e-preso-em-operacao-conjunta-da-policia-militar-em-muriae\/\" \/>\n<meta property=\"og:site_name\" content=\"Portal Miradouro\" \/>\n<meta property=\"article:publisher\" content=\"https:\/\/www.facebook.com\/portalmiradouro2020\" \/>\n<meta property=\"article:author\" content=\"https:\/\/www.facebook.com\/Portalmiradouro.com.br\" \/>\n<meta property=\"article:published_time\" content=\"2026-05-01T01:39:38+00:00\" \/>\n<meta property=\"og:image\" content=\"https:\/\/www.portalmiradouro.com.br\/site\/wp-content\/uploads\/2026\/04\/0111.jpeg\" \/>\n\t<meta property=\"og:image:width\" content=\"702\" \/>\n\t<meta property=\"og:image:height\" content=\"527\" \/>\n<meta name=\"twitter:card\" content=\"summary_large_image\" \/>\n<meta name=\"twitter:label1\" content=\"Written by\" \/>\n\t<meta name=\"twitter:data1\" content=\"Portal Miradouro\" \/>\n\t<meta name=\"twitter:label2\" content=\"Est. reading time\" \/>\n\t<meta name=\"twitter:data2\" content=\"2 minutos\" \/>\n<script type=\"application\/ld+json\" class=\"yoast-schema-graph\">{\"@context\":\"https:\/\/schema.org\",\"@graph\":[{\"@type\":\"WebSite\",\"@id\":\"https:\/\/www.portalmiradouro.com.br\/site\/#website\",\"url\":\"https:\/\/www.portalmiradouro.com.br\/site\/\",\"name\":\"Portal Miradouro\",\"description\":\"O seu portal de not\\u00edcias\",\"potentialAction\":[{\"@type\":\"SearchAction\",\"target\":{\"@type\":\"EntryPoint\",\"urlTemplate\":\"https:\/\/www.portalmiradouro.com.br\/site\/?s={search_term_string}\"},\"query-input\":\"required name=search_term_string\"}],\"inLanguage\":\"pt-BR\"},{\"@type\":\"ImageObject\",\"@id\":\"https:\/\/www.portalmiradouro.com.br\/site\/2026\/04\/30\/foragido-ha-mais-de-5-anos-e-preso-em-operacao-conjunta-da-policia-militar-em-muriae\/#primaryimage\",\"inLanguage\":\"pt-BR\",\"url\":\"https:\/\/www.portalmiradouro.com.br\/site\/wp-content\/uploads\/2026\/04\/0111.jpeg\",\"contentUrl\":\"https:\/\/www.portalmiradouro.com.br\/site\/wp-content\/uploads\/2026\/04\/0111.jpeg\",\"width\":702,\"height\":527},{\"@type\":\"WebPage\",\"@id\":\"https:\/\/www.portalmiradouro.com.br\/site\/2026\/04\/30\/foragido-ha-mais-de-5-anos-e-preso-em-operacao-conjunta-da-policia-militar-em-muriae\/#webpage\",\"url\":\"https:\/\/www.portalmiradouro.com.br\/site\/2026\/04\/30\/foragido-ha-mais-de-5-anos-e-preso-em-operacao-conjunta-da-policia-militar-em-muriae\/\",\"name\":\"Foragido h\\u00e1 mais de 5 anos \\u00e9 preso em opera\\u00e7\\u00e3o conjunta da Pol\\u00edcia Militar em Muria\\u00e9 - Portal Miradouro\",\"isPartOf\":{\"@id\":\"https:\/\/www.portalmiradouro.com.br\/site\/#website\"},\"primaryImageOfPage\":{\"@id\":\"https:\/\/www.portalmiradouro.com.br\/site\/2026\/04\/30\/foragido-ha-mais-de-5-anos-e-preso-em-operacao-conjunta-da-policia-militar-em-muriae\/#primaryimage\"},\"datePublished\":\"2026-05-01T01:39:38+00:00\",\"dateModified\":\"2026-05-01T01:39:38+00:00\",\"author\":{\"@id\":\"https:\/\/www.portalmiradouro.com.br\/site\/#\/schema\/person\/4cc54eb1e2669057670c45f0992e49e6\"},\"description\":\"Foragido h\\u00e1 mais de 5 anos \\u00e9 preso em opera\\u00e7\\u00e3o conjunta da Pol\\u00edcia Militar em Muria\\u00e9\",\"breadcrumb\":{\"@id\":\"https:\/\/www.portalmiradouro.com.br\/site\/2026\/04\/30\/foragido-ha-mais-de-5-anos-e-preso-em-operacao-conjunta-da-policia-militar-em-muriae\/#breadcrumb\"},\"inLanguage\":\"pt-BR\",\"potentialAction\":[{\"@type\":\"ReadAction\",\"target\":[\"https:\/\/www.portalmiradouro.com.br\/site\/2026\/04\/30\/foragido-ha-mais-de-5-anos-e-preso-em-operacao-conjunta-da-policia-militar-em-muriae\/\"]}]},{\"@type\":\"BreadcrumbList\",\"@id\":\"https:\/\/www.portalmiradouro.com.br\/site\/2026\/04\/30\/foragido-ha-mais-de-5-anos-e-preso-em-operacao-conjunta-da-policia-militar-em-muriae\/#breadcrumb\",\"itemListElement\":[{\"@type\":\"ListItem\",\"position\":1,\"name\":\"Home\",\"item\":\"https:\/\/www.portalmiradouro.com.br\/site\/\"},{\"@type\":\"ListItem\",\"position\":2,\"name\":\"Foragido h\\u00e1 mais de 5 anos \\u00e9 preso em opera\\u00e7\\u00e3o conjunta da Pol\\u00edcia Militar em Muria\\u00e9\"}]},{\"@type\":\"Person\",\"@id\":\"https:\/\/www.portalmiradouro.com.br\/site\/#\/schema\/person\/4cc54eb1e2669057670c45f0992e49e6\",\"name\":\"Portal Miradouro\",\"image\":{\"@type\":\"ImageObject\",\"@id\":\"https:\/\/www.portalmiradouro.com.br\/site\/#personlogo\",\"inLanguage\":\"pt-BR\",\"url\":\"https:\/\/secure.gravatar.com\/avatar\/183be5e806e4db6ca84a30fef12e1fcb?s=96&d=mm&r=g\",\"contentUrl\":\"https:\/\/secure.gravatar.com\/avatar\/183be5e806e4db6ca84a30fef12e1fcb?s=96&d=mm&r=g\",\"caption\":\"Portal Miradouro\"},\"sameAs\":[\"http:\/\/www.portalmiradouro.com.br\",\"https:\/\/www.facebook.com\/Portalmiradouro.com.br\",\"https:\/\/www.instagram.com\/portalmiradouro\/\",\"https:\/\/www.linkedin.com\/in\/portal-miradouro-56171b126\/\",\"https:\/\/www.youtube.com\/channel\/UCxin3iT2BCsLZneNCXn2I4w\"],\"url\":\"https:\/\/www.portalmiradouro.com.br\/site\/author\/portal\/\"}]}<\/script>\n<!-- \/ Yoast SEO plugin. -->","yoast_head_json":{"title":"Foragido h\u00e1 mais de 5 anos \u00e9 preso em opera\u00e7\u00e3o conjunta da Pol\u00edcia Militar em Muria\u00e9 - Portal Miradouro","description":"Foragido h\u00e1 mais de 5 anos \u00e9 preso em opera\u00e7\u00e3o conjunta da Pol\u00edcia Militar em Muria\u00e9","robots":{"index":"index","follow":"follow","max-snippet":"max-snippet:-1","max-image-preview":"max-image-preview:large","max-video-preview":"max-video-preview:-1"},"canonical":"https:\/\/www.portalmiradouro.com.br\/site\/2026\/04\/30\/foragido-ha-mais-de-5-anos-e-preso-em-operacao-conjunta-da-policia-militar-em-muriae\/","og_locale":"pt_BR","og_type":"article","og_title":"Foragido h\u00e1 mais de 5 anos \u00e9 preso em opera\u00e7\u00e3o conjunta da Pol\u00edcia Militar em Muria\u00e9 - Portal Miradouro","og_description":"Foragido h\u00e1 mais de 5 anos \u00e9 preso em opera\u00e7\u00e3o conjunta da Pol\u00edcia Militar em Muria\u00e9","og_url":"https:\/\/www.portalmiradouro.com.br\/site\/2026\/04\/30\/foragido-ha-mais-de-5-anos-e-preso-em-operacao-conjunta-da-policia-militar-em-muriae\/","og_site_name":"Portal Miradouro","article_publisher":"https:\/\/www.facebook.com\/portalmiradouro2020","article_author":"https:\/\/www.facebook.com\/Portalmiradouro.com.br","article_published_time":"2026-05-01T01:39:38+00:00","og_image":[{"width":702,"height":527,"url":"https:\/\/www.portalmiradouro.com.br\/site\/wp-content\/uploads\/2026\/04\/0111.jpeg","type":"image\/jpeg"}],"twitter_card":"summary_large_image","twitter_misc":{"Written by":"Portal Miradouro","Est. reading time":"2 minutos"},"schema":{"@context":"https:\/\/schema.org","@graph":[{"@type":"WebSite","@id":"https:\/\/www.portalmiradouro.com.br\/site\/#website","url":"https:\/\/www.portalmiradouro.com.br\/site\/","name":"Portal Miradouro","description":"O seu portal de not\u00edcias","potentialAction":[{"@type":"SearchAction","target":{"@type":"EntryPoint","urlTemplate":"https:\/\/www.portalmiradouro.com.br\/site\/?s={search_term_string}"},"query-input":"required name=search_term_string"}],"inLanguage":"pt-BR"},{"@type":"ImageObject","@id":"https:\/\/www.portalmiradouro.com.br\/site\/2026\/04\/30\/foragido-ha-mais-de-5-anos-e-preso-em-operacao-conjunta-da-policia-militar-em-muriae\/#primaryimage","inLanguage":"pt-BR","url":"https:\/\/www.portalmiradouro.com.br\/site\/wp-content\/uploads\/2026\/04\/0111.jpeg","contentUrl":"https:\/\/www.portalmiradouro.com.br\/site\/wp-content\/uploads\/2026\/04\/0111.jpeg","width":702,"height":527},{"@type":"WebPage","@id":"https:\/\/www.portalmiradouro.com.br\/site\/2026\/04\/30\/foragido-ha-mais-de-5-anos-e-preso-em-operacao-conjunta-da-policia-militar-em-muriae\/#webpage","url":"https:\/\/www.portalmiradouro.com.br\/site\/2026\/04\/30\/foragido-ha-mais-de-5-anos-e-preso-em-operacao-conjunta-da-policia-militar-em-muriae\/","name":"Foragido h\u00e1 mais de 5 anos \u00e9 preso em opera\u00e7\u00e3o conjunta da Pol\u00edcia Militar em Muria\u00e9 - Portal Miradouro","isPartOf":{"@id":"https:\/\/www.portalmiradouro.com.br\/site\/#website"},"primaryImageOfPage":{"@id":"https:\/\/www.portalmiradouro.com.br\/site\/2026\/04\/30\/foragido-ha-mais-de-5-anos-e-preso-em-operacao-conjunta-da-policia-militar-em-muriae\/#primaryimage"},"datePublished":"2026-05-01T01:39:38+00:00","dateModified":"2026-05-01T01:39:38+00:00","author":{"@id":"https:\/\/www.portalmiradouro.com.br\/site\/#\/schema\/person\/4cc54eb1e2669057670c45f0992e49e6"},"description":"Foragido h\u00e1 mais de 5 anos \u00e9 preso em opera\u00e7\u00e3o conjunta da Pol\u00edcia Militar em Muria\u00e9","breadcrumb":{"@id":"https:\/\/www.portalmiradouro.com.br\/site\/2026\/04\/30\/foragido-ha-mais-de-5-anos-e-preso-em-operacao-conjunta-da-policia-militar-em-muriae\/#breadcrumb"},"inLanguage":"pt-BR","potentialAction":[{"@type":"ReadAction","target":["https:\/\/www.portalmiradouro.com.br\/site\/2026\/04\/30\/foragido-ha-mais-de-5-anos-e-preso-em-operacao-conjunta-da-policia-militar-em-muriae\/"]}]},{"@type":"BreadcrumbList","@id":"https:\/\/www.portalmiradouro.com.br\/site\/2026\/04\/30\/foragido-ha-mais-de-5-anos-e-preso-em-operacao-conjunta-da-policia-militar-em-muriae\/#breadcrumb","itemListElement":[{"@type":"ListItem","position":1,"name":"Home","item":"https:\/\/www.portalmiradouro.com.br\/site\/"},{"@type":"ListItem","position":2,"name":"Foragido h\u00e1 mais de 5 anos \u00e9 preso em opera\u00e7\u00e3o conjunta da Pol\u00edcia Militar em Muria\u00e9"}]},{"@type":"Person","@id":"https:\/\/www.portalmiradouro.com.br\/site\/#\/schema\/person\/4cc54eb1e2669057670c45f0992e49e6","name":"Portal Miradouro","image":{"@type":"ImageObject","@id":"https:\/\/www.portalmiradouro.com.br\/site\/#personlogo","inLanguage":"pt-BR","url":"https:\/\/secure.gravatar.com\/avatar\/183be5e806e4db6ca84a30fef12e1fcb?s=96&d=mm&r=g","contentUrl":"https:\/\/secure.gravatar.com\/avatar\/183be5e806e4db6ca84a30fef12e1fcb?s=96&d=mm&r=g","caption":"Portal Miradouro"},"sameAs":["http:\/\/www.portalmiradouro.com.br","https:\/\/www.facebook.com\/Portalmiradouro.com.br","https:\/\/www.instagram.com\/portalmiradouro\/","https:\/\/www.linkedin.com\/in\/portal-miradouro-56171b126\/","https:\/\/www.youtube.com\/channel\/UCxin3iT2BCsLZneNCXn2I4w"],"url":"https:\/\/www.portalmiradouro.com.br\/site\/author\/portal\/"}]}},"coauthors":[],"tax_additional":{"categories":{"linked":["<a href=\"https:\/\/www.portalmiradouro.com.br\/site\/category\/portal\/\" class=\"advgb-post-tax-term\">Destaque<\/a>","<a href=\"https:\/\/www.portalmiradouro.com.br\/site\/category\/giro-policial\/\" class=\"advgb-post-tax-term\">GIRO POLICIAL<\/a>","<a href=\"https:\/\/www.portalmiradouro.com.br\/site\/category\/noticias-lateral\/\" class=\"advgb-post-tax-term\">Not\u00edcias<\/a>","<a href=\"https:\/\/www.portalmiradouro.com.br\/site\/category\/portal-principal\/\" class=\"advgb-post-tax-term\">Portal Miradouro<\/a>"],"unlinked":["<span class=\"advgb-post-tax-term\">Destaque<\/span>","<span class=\"advgb-post-tax-term\">GIRO POLICIAL<\/span>","<span class=\"advgb-post-tax-term\">Not\u00edcias<\/span>","<span class=\"advgb-post-tax-term\">Portal Miradouro<\/span>"]},"tags":{"linked":["<a href=\"https:\/\/www.portalmiradouro.com.br\/site\/category\/portal-principal\/\" class=\"advgb-post-tax-term\">foragido<\/a>","<a href=\"https:\/\/www.portalmiradouro.com.br\/site\/category\/portal-principal\/\" class=\"advgb-post-tax-term\">justi\u00e7a<\/a>","<a href=\"https:\/\/www.portalmiradouro.com.br\/site\/category\/portal-principal\/\" class=\"advgb-post-tax-term\">muriae<\/a>","<a href=\"https:\/\/www.portalmiradouro.com.br\/site\/category\/portal-principal\/\" class=\"advgb-post-tax-term\">PMMG<\/a>","<a href=\"https:\/\/www.portalmiradouro.com.br\/site\/category\/portal-principal\/\" class=\"advgb-post-tax-term\">Pris\u00e3o<\/a>"],"unlinked":["<span class=\"advgb-post-tax-term\">foragido<\/span>","<span class=\"advgb-post-tax-term\">justi\u00e7a<\/span>","<span class=\"advgb-post-tax-term\">muriae<\/span>","<span class=\"advgb-post-tax-term\">PMMG<\/span>","<span class=\"advgb-post-tax-term\">Pris\u00e3o<\/span>"]}},"comment_count":"0","relative_dates":{"created":"Posted 3 dias ago","modified":"Updated 3 dias ago"},"absolute_dates":{"created":"Posted on 30 de abril de 2026","modified":"Updated on 30 de abril de 2026"},"absolute_dates_time":{"created":"Posted on 30 de abril de 2026 22:39","modified":"Updated on 30 de abril de 2026 22:39"},"featured_img_caption":"","_links":{"self":[{"href":"https:\/\/www.portalmiradouro.com.br\/site\/wp-json\/wp\/v2\/posts\/35652"}],"collection":[{"href":"https:\/\/www.portalmiradouro.com.br\/site\/wp-json\/wp\/v2\/posts"}],"about":[{"href":"https:\/\/www.portalmiradouro.com.br\/site\/wp-json\/wp\/v2\/types\/post"}],"author":[{"embeddable":true,"href":"https:\/\/www.portalmiradouro.com.br\/site\/wp-json\/wp\/v2\/users\/2"}],"replies":[{"embeddable":true,"href":"https:\/\/www.portalmiradouro.com.br\/site\/wp-json\/wp\/v2\/comments?post=35652"}],"version-history":[{"count":2,"href":"https:\/\/www.portalmiradouro.com.br\/site\/wp-json\/wp\/v2\/posts\/35652\/revisions"}],"predecessor-version":[{"id":35658,"href":"https:\/\/www.portalmiradouro.com.br\/site\/wp-json\/wp\/v2\/posts\/35652\/revisions\/35658"}],"wp:featuredmedia":[{"embeddable":true,"href":"https:\/\/www.portalmiradouro.com.br\/site\/wp-json\/wp\/v2\/media\/35656"}],"wp:attachment":[{"href":"https:\/\/www.portalmiradouro.com.br\/site\/wp-json\/wp\/v2\/media?parent=35652"}],"wp:term":[{"taxonomy":"category","embeddable":true,"href":"https:\/\/www.portalmiradouro.com.br\/site\/wp-json\/wp\/v2\/categories?post=35652"},{"taxonomy":"post_tag","embeddable":true,"href":"https:\/\/www.portalmiradouro.com.br\/site\/wp-json\/wp\/v2\/tags?post=35652"}],"curies":[{"name":"wp","href":"https:\/\/api.w.org\/{rel}","templated":true}]}}