{"id":36765,"date":"2026-09-01T08:29:18","date_gmt":"2026-09-01T11:29:18","guid":{"rendered":"https:\/\/www.portalmiradouro.com.br\/site\/?p=36765"},"modified":"2026-09-01T08:29:18","modified_gmt":"2026-09-01T11:29:18","slug":"homem-e-preso-suspeito-de-agredir-companheira-e-quebrar-dente-da-vitima-em-miradouro","status":"publish","type":"post","link":"https:\/\/www.portalmiradouro.com.br\/site\/2026\/09\/01\/homem-e-preso-suspeito-de-agredir-companheira-e-quebrar-dente-da-vitima-em-miradouro\/","title":{"rendered":"Homem \u00e9 preso suspeito de agredir companheira e quebrar dente da v\u00edtima em Miradouro"},"content":{"rendered":"<p><a href=\"https:\/\/www.portalmiradouro.com.br\/site\/2023\/11\/27\/e-campeao-japao-vence-hospital-nos-penalti-e-conquista-a-taca-de-campeao-do-campeonato-de-bairros-de-miradouro\/comando\/\" rel=\"attachment wp-att-26019\"><img loading=\"lazy\" class=\"aligncenter size-full wp-image-26019\" src=\"https:\/\/www.portalmiradouro.com.br\/site\/wp-content\/uploads\/2023\/11\/COMANDO.png\" alt=\"\" width=\"706\" height=\"527\" \/><\/a><\/p>\n<p><span style=\"font-size: 14px; -webkit-text-size-adjust: 100%;\"><br \/>\n<span style=\"color: #000000;\">Um homem de 38 anos foi preso em flagrante na madrugada desta ter\u00e7a-feira, 1\u00ba de setembro, suspeito de agredir a companheira durante uma ocorr\u00eancia de viol\u00eancia dom\u00e9stica em Miradouro.<\/span><\/span><\/p>\n<p><span style=\"color: #000000;\">De acordo com informa\u00e7\u00f5es da Pol\u00edcia Militar, a ocorr\u00eancia foi registrada por volta das 4h55, na Rua Jo\u00e3o Ezequiel da Silveira, no Centro da cidade.<\/span><\/p>\n<p><span style=\"color: #000000;\">Segundo o relato apresentado pela v\u00edtima aos militares, ela teria se desentendido com o companheiro dentro da resid\u00eancia. Durante a discuss\u00e3o, o homem teria dado um tapa no rosto da mulher e, em seguida, desferido um soco na regi\u00e3o da face.<\/span><\/p>\n<p><span style=\"color: #000000;\">Ainda conforme a ocorr\u00eancia policial, a agress\u00e3o provocou a quebra de um dente da v\u00edtima.<\/span><\/p>\n<p><span style=\"color: #000000;\">A mulher informou aos policiais que as agress\u00f5es teriam acontecido na presen\u00e7a dos cinco filhos menores do casal.<\/span><\/p>\n<p><span style=\"color: #000000;\">Durante a interven\u00e7\u00e3o da Pol\u00edcia Militar, o suspeito teria tentado fugir pelos fundos do im\u00f3vel, chegando a pular um muro. Ele foi alcan\u00e7ado pelos militares e preso em flagrante.<\/span><\/p>\n<p><span style=\"color: #000000;\">A v\u00edtima foi encaminhada ao Pronto Atendimento Municipal de Miradouro, onde recebeu atendimento m\u00e9dico.<\/span><\/p>\n<p><span style=\"color: #000000;\">Em raz\u00e3o da presen\u00e7a das crian\u00e7as no local e das circunst\u00e2ncias da ocorr\u00eancia, o Conselho Tutelar tamb\u00e9m foi acionado e acompanhou o caso.<\/span><\/p>\n<p><span style=\"color: #000000;\">O homem, natural de Miradouro, foi preso e encaminhado para as provid\u00eancias legais cab\u00edveis.<\/span><\/p>\n<p><span style=\"color: #000000;\">O caso foi registrado como les\u00e3o corporal no contexto de viol\u00eancia dom\u00e9stica.<\/span><\/p>\n<p>\ud83d\udcf2 Portal Miradouro \u2013 O seu Portal de Not\u00edcias<\/p>\n","protected":false},"excerpt":{"rendered":"<p>Um homem de 38 anos foi preso em flagrante na madrugada desta ter\u00e7a-feira, 1\u00ba de setembro, suspeito de agredir a companheira durante uma ocorr\u00eancia de viol\u00eancia dom\u00e9stica em Miradouro. De acordo com informa\u00e7\u00f5es da Pol\u00edcia Militar, a ocorr\u00eancia foi registrada por volta das 4h55, na Rua Jo\u00e3o Ezequiel da Silveira, no Centro da cidade. Segundo o relato apresentado pela v\u00edtima aos militares, ela teria se desentendido com o companheiro dentro da resid\u00eancia. Durante a discuss\u00e3o, o homem teria dado um tapa no rosto da mulher e, em seguida, desferido um soco na regi\u00e3o da face. Ainda conforme a ocorr\u00eancia policial, a agress\u00e3o provocou a quebra de um dente da v\u00edtima. A mulher informou aos policiais que as agress\u00f5es teriam acontecido na presen\u00e7a dos cinco filhos menores do casal. Durante a interven\u00e7\u00e3o da Pol\u00edcia Militar, o suspeito teria tentado fugir pelos fundos do im\u00f3vel, chegando a pular um muro. Ele foi alcan\u00e7ado pelos militares e preso em flagrante. A v\u00edtima foi encaminhada ao Pronto Atendimento Municipal de Miradouro, onde recebeu atendimento m\u00e9dico. Em raz\u00e3o da presen\u00e7a das crian\u00e7as no local e das circunst\u00e2ncias da ocorr\u00eancia, o Conselho Tutelar tamb\u00e9m foi acionado e acompanhou o caso. O homem, natural de Miradouro, foi preso e encaminhado para as provid\u00eancias legais cab\u00edveis. O caso foi registrado como les\u00e3o corporal no contexto de viol\u00eancia dom\u00e9stica. \ud83d\udcf2 Portal Miradouro \u2013 O seu Portal de Not\u00edcias<\/p>\n","protected":false},"author":2,"featured_media":26019,"comment_status":"open","ping_status":"open","sticky":false,"template":"","format":"standard","meta":{"advgb_blocks_editor_width":"","advgb_blocks_columns_visual_guide":""},"categories":[1,935,9,5],"tags":[238,119,175,2356],"author_meta":{"display_name":"Portal Miradouro","author_link":"https:\/\/www.portalmiradouro.com.br\/site\/author\/portal\/"},"featured_img":"https:\/\/www.portalmiradouro.com.br\/site\/wp-content\/uploads\/2023\/11\/COMANDO-300x224.png","yoast_head":"<!-- This site is optimized with the Yoast SEO plugin v17.7.1 - https:\/\/yoast.com\/wordpress\/plugins\/seo\/ -->\n<title>Homem \u00e9 preso suspeito de agredir companheira e quebrar dente da v\u00edtima em Miradouro - Portal Miradouro<\/title>\n<meta name=\"description\" content=\"Homem \u00e9 preso suspeito de agredir companheira e quebrar dente da v\u00edtima em Miradouro\" \/>\n<meta name=\"robots\" content=\"index, follow, max-snippet:-1, max-image-preview:large, max-video-preview:-1\" \/>\n<link rel=\"canonical\" href=\"https:\/\/www.portalmiradouro.com.br\/site\/2026\/09\/01\/homem-e-preso-suspeito-de-agredir-companheira-e-quebrar-dente-da-vitima-em-miradouro\/\" \/>\n<meta property=\"og:locale\" content=\"pt_BR\" \/>\n<meta property=\"og:type\" content=\"article\" \/>\n<meta property=\"og:title\" content=\"Homem \u00e9 preso suspeito de agredir companheira e quebrar dente da v\u00edtima em Miradouro - Portal Miradouro\" \/>\n<meta property=\"og:description\" content=\"Homem \u00e9 preso suspeito de agredir companheira e quebrar dente da v\u00edtima em Miradouro\" \/>\n<meta property=\"og:url\" content=\"https:\/\/www.portalmiradouro.com.br\/site\/2026\/09\/01\/homem-e-preso-suspeito-de-agredir-companheira-e-quebrar-dente-da-vitima-em-miradouro\/\" \/>\n<meta property=\"og:site_name\" content=\"Portal Miradouro\" \/>\n<meta property=\"article:publisher\" content=\"https:\/\/www.facebook.com\/portalmiradouro2020\" \/>\n<meta property=\"article:author\" content=\"https:\/\/www.facebook.com\/Portalmiradouro.com.br\" \/>\n<meta property=\"article:published_time\" content=\"2026-09-01T11:29:18+00:00\" \/>\n<meta property=\"og:image\" content=\"https:\/\/www.portalmiradouro.com.br\/site\/wp-content\/uploads\/2023\/11\/COMANDO.png\" \/>\n\t<meta property=\"og:image:width\" content=\"706\" \/>\n\t<meta property=\"og:image:height\" content=\"527\" \/>\n<meta name=\"twitter:card\" content=\"summary_large_image\" \/>\n<meta name=\"twitter:label1\" content=\"Written by\" \/>\n\t<meta name=\"twitter:data1\" content=\"Portal Miradouro\" \/>\n\t<meta name=\"twitter:label2\" content=\"Est. reading time\" \/>\n\t<meta name=\"twitter:data2\" content=\"1 minuto\" \/>\n<script type=\"application\/ld+json\" class=\"yoast-schema-graph\">{\"@context\":\"https:\/\/schema.org\",\"@graph\":[{\"@type\":\"WebSite\",\"@id\":\"https:\/\/www.portalmiradouro.com.br\/site\/#website\",\"url\":\"https:\/\/www.portalmiradouro.com.br\/site\/\",\"name\":\"Portal Miradouro\",\"description\":\"O seu portal de not\\u00edcias\",\"potentialAction\":[{\"@type\":\"SearchAction\",\"target\":{\"@type\":\"EntryPoint\",\"urlTemplate\":\"https:\/\/www.portalmiradouro.com.br\/site\/?s={search_term_string}\"},\"query-input\":\"required name=search_term_string\"}],\"inLanguage\":\"pt-BR\"},{\"@type\":\"ImageObject\",\"@id\":\"https:\/\/www.portalmiradouro.com.br\/site\/2026\/09\/01\/homem-e-preso-suspeito-de-agredir-companheira-e-quebrar-dente-da-vitima-em-miradouro\/#primaryimage\",\"inLanguage\":\"pt-BR\",\"url\":\"https:\/\/www.portalmiradouro.com.br\/site\/wp-content\/uploads\/2023\/11\/COMANDO.png\",\"contentUrl\":\"https:\/\/www.portalmiradouro.com.br\/site\/wp-content\/uploads\/2023\/11\/COMANDO.png\",\"width\":706,\"height\":527},{\"@type\":\"WebPage\",\"@id\":\"https:\/\/www.portalmiradouro.com.br\/site\/2026\/09\/01\/homem-e-preso-suspeito-de-agredir-companheira-e-quebrar-dente-da-vitima-em-miradouro\/#webpage\",\"url\":\"https:\/\/www.portalmiradouro.com.br\/site\/2026\/09\/01\/homem-e-preso-suspeito-de-agredir-companheira-e-quebrar-dente-da-vitima-em-miradouro\/\",\"name\":\"Homem \\u00e9 preso suspeito de agredir companheira e quebrar dente da v\\u00edtima em Miradouro - Portal Miradouro\",\"isPartOf\":{\"@id\":\"https:\/\/www.portalmiradouro.com.br\/site\/#website\"},\"primaryImageOfPage\":{\"@id\":\"https:\/\/www.portalmiradouro.com.br\/site\/2026\/09\/01\/homem-e-preso-suspeito-de-agredir-companheira-e-quebrar-dente-da-vitima-em-miradouro\/#primaryimage\"},\"datePublished\":\"2026-09-01T11:29:18+00:00\",\"dateModified\":\"2026-09-01T11:29:18+00:00\",\"author\":{\"@id\":\"https:\/\/www.portalmiradouro.com.br\/site\/#\/schema\/person\/4cc54eb1e2669057670c45f0992e49e6\"},\"description\":\"Homem \\u00e9 preso suspeito de agredir companheira e quebrar dente da v\\u00edtima em Miradouro\",\"breadcrumb\":{\"@id\":\"https:\/\/www.portalmiradouro.com.br\/site\/2026\/09\/01\/homem-e-preso-suspeito-de-agredir-companheira-e-quebrar-dente-da-vitima-em-miradouro\/#breadcrumb\"},\"inLanguage\":\"pt-BR\",\"potentialAction\":[{\"@type\":\"ReadAction\",\"target\":[\"https:\/\/www.portalmiradouro.com.br\/site\/2026\/09\/01\/homem-e-preso-suspeito-de-agredir-companheira-e-quebrar-dente-da-vitima-em-miradouro\/\"]}]},{\"@type\":\"BreadcrumbList\",\"@id\":\"https:\/\/www.portalmiradouro.com.br\/site\/2026\/09\/01\/homem-e-preso-suspeito-de-agredir-companheira-e-quebrar-dente-da-vitima-em-miradouro\/#breadcrumb\",\"itemListElement\":[{\"@type\":\"ListItem\",\"position\":1,\"name\":\"Home\",\"item\":\"https:\/\/www.portalmiradouro.com.br\/site\/\"},{\"@type\":\"ListItem\",\"position\":2,\"name\":\"Homem \\u00e9 preso suspeito de agredir companheira e quebrar dente da v\\u00edtima em Miradouro\"}]},{\"@type\":\"Person\",\"@id\":\"https:\/\/www.portalmiradouro.com.br\/site\/#\/schema\/person\/4cc54eb1e2669057670c45f0992e49e6\",\"name\":\"Portal Miradouro\",\"image\":{\"@type\":\"ImageObject\",\"@id\":\"https:\/\/www.portalmiradouro.com.br\/site\/#personlogo\",\"inLanguage\":\"pt-BR\",\"url\":\"https:\/\/secure.gravatar.com\/avatar\/183be5e806e4db6ca84a30fef12e1fcb?s=96&d=mm&r=g\",\"contentUrl\":\"https:\/\/secure.gravatar.com\/avatar\/183be5e806e4db6ca84a30fef12e1fcb?s=96&d=mm&r=g\",\"caption\":\"Portal Miradouro\"},\"sameAs\":[\"http:\/\/www.portalmiradouro.com.br\",\"https:\/\/www.facebook.com\/Portalmiradouro.com.br\",\"https:\/\/www.instagram.com\/portalmiradouro\/\",\"https:\/\/www.linkedin.com\/in\/portal-miradouro-56171b126\/\",\"https:\/\/www.youtube.com\/channel\/UCxin3iT2BCsLZneNCXn2I4w\"],\"url\":\"https:\/\/www.portalmiradouro.com.br\/site\/author\/portal\/\"}]}<\/script>\n<!-- \/ Yoast SEO plugin. -->","yoast_head_json":{"title":"Homem \u00e9 preso suspeito de agredir companheira e quebrar dente da v\u00edtima em Miradouro - Portal Miradouro","description":"Homem \u00e9 preso suspeito de agredir companheira e quebrar dente da v\u00edtima em Miradouro","robots":{"index":"index","follow":"follow","max-snippet":"max-snippet:-1","max-image-preview":"max-image-preview:large","max-video-preview":"max-video-preview:-1"},"canonical":"https:\/\/www.portalmiradouro.com.br\/site\/2026\/09\/01\/homem-e-preso-suspeito-de-agredir-companheira-e-quebrar-dente-da-vitima-em-miradouro\/","og_locale":"pt_BR","og_type":"article","og_title":"Homem \u00e9 preso suspeito de agredir companheira e quebrar dente da v\u00edtima em Miradouro - Portal Miradouro","og_description":"Homem \u00e9 preso suspeito de agredir companheira e quebrar dente da v\u00edtima em Miradouro","og_url":"https:\/\/www.portalmiradouro.com.br\/site\/2026\/09\/01\/homem-e-preso-suspeito-de-agredir-companheira-e-quebrar-dente-da-vitima-em-miradouro\/","og_site_name":"Portal Miradouro","article_publisher":"https:\/\/www.facebook.com\/portalmiradouro2020","article_author":"https:\/\/www.facebook.com\/Portalmiradouro.com.br","article_published_time":"2026-09-01T11:29:18+00:00","og_image":[{"width":706,"height":527,"url":"https:\/\/www.portalmiradouro.com.br\/site\/wp-content\/uploads\/2023\/11\/COMANDO.png","type":"image\/png"}],"twitter_card":"summary_large_image","twitter_misc":{"Written by":"Portal Miradouro","Est. reading time":"1 minuto"},"schema":{"@context":"https:\/\/schema.org","@graph":[{"@type":"WebSite","@id":"https:\/\/www.portalmiradouro.com.br\/site\/#website","url":"https:\/\/www.portalmiradouro.com.br\/site\/","name":"Portal Miradouro","description":"O seu portal de not\u00edcias","potentialAction":[{"@type":"SearchAction","target":{"@type":"EntryPoint","urlTemplate":"https:\/\/www.portalmiradouro.com.br\/site\/?s={search_term_string}"},"query-input":"required name=search_term_string"}],"inLanguage":"pt-BR"},{"@type":"ImageObject","@id":"https:\/\/www.portalmiradouro.com.br\/site\/2026\/09\/01\/homem-e-preso-suspeito-de-agredir-companheira-e-quebrar-dente-da-vitima-em-miradouro\/#primaryimage","inLanguage":"pt-BR","url":"https:\/\/www.portalmiradouro.com.br\/site\/wp-content\/uploads\/2023\/11\/COMANDO.png","contentUrl":"https:\/\/www.portalmiradouro.com.br\/site\/wp-content\/uploads\/2023\/11\/COMANDO.png","width":706,"height":527},{"@type":"WebPage","@id":"https:\/\/www.portalmiradouro.com.br\/site\/2026\/09\/01\/homem-e-preso-suspeito-de-agredir-companheira-e-quebrar-dente-da-vitima-em-miradouro\/#webpage","url":"https:\/\/www.portalmiradouro.com.br\/site\/2026\/09\/01\/homem-e-preso-suspeito-de-agredir-companheira-e-quebrar-dente-da-vitima-em-miradouro\/","name":"Homem \u00e9 preso suspeito de agredir companheira e quebrar dente da v\u00edtima em Miradouro - Portal Miradouro","isPartOf":{"@id":"https:\/\/www.portalmiradouro.com.br\/site\/#website"},"primaryImageOfPage":{"@id":"https:\/\/www.portalmiradouro.com.br\/site\/2026\/09\/01\/homem-e-preso-suspeito-de-agredir-companheira-e-quebrar-dente-da-vitima-em-miradouro\/#primaryimage"},"datePublished":"2026-09-01T11:29:18+00:00","dateModified":"2026-09-01T11:29:18+00:00","author":{"@id":"https:\/\/www.portalmiradouro.com.br\/site\/#\/schema\/person\/4cc54eb1e2669057670c45f0992e49e6"},"description":"Homem \u00e9 preso suspeito de agredir companheira e quebrar dente da v\u00edtima em Miradouro","breadcrumb":{"@id":"https:\/\/www.portalmiradouro.com.br\/site\/2026\/09\/01\/homem-e-preso-suspeito-de-agredir-companheira-e-quebrar-dente-da-vitima-em-miradouro\/#breadcrumb"},"inLanguage":"pt-BR","potentialAction":[{"@type":"ReadAction","target":["https:\/\/www.portalmiradouro.com.br\/site\/2026\/09\/01\/homem-e-preso-suspeito-de-agredir-companheira-e-quebrar-dente-da-vitima-em-miradouro\/"]}]},{"@type":"BreadcrumbList","@id":"https:\/\/www.portalmiradouro.com.br\/site\/2026\/09\/01\/homem-e-preso-suspeito-de-agredir-companheira-e-quebrar-dente-da-vitima-em-miradouro\/#breadcrumb","itemListElement":[{"@type":"ListItem","position":1,"name":"Home","item":"https:\/\/www.portalmiradouro.com.br\/site\/"},{"@type":"ListItem","position":2,"name":"Homem \u00e9 preso suspeito de agredir companheira e quebrar dente da v\u00edtima em Miradouro"}]},{"@type":"Person","@id":"https:\/\/www.portalmiradouro.com.br\/site\/#\/schema\/person\/4cc54eb1e2669057670c45f0992e49e6","name":"Portal Miradouro","image":{"@type":"ImageObject","@id":"https:\/\/www.portalmiradouro.com.br\/site\/#personlogo","inLanguage":"pt-BR","url":"https:\/\/secure.gravatar.com\/avatar\/183be5e806e4db6ca84a30fef12e1fcb?s=96&d=mm&r=g","contentUrl":"https:\/\/secure.gravatar.com\/avatar\/183be5e806e4db6ca84a30fef12e1fcb?s=96&d=mm&r=g","caption":"Portal Miradouro"},"sameAs":["http:\/\/www.portalmiradouro.com.br","https:\/\/www.facebook.com\/Portalmiradouro.com.br","https:\/\/www.instagram.com\/portalmiradouro\/","https:\/\/www.linkedin.com\/in\/portal-miradouro-56171b126\/","https:\/\/www.youtube.com\/channel\/UCxin3iT2BCsLZneNCXn2I4w"],"url":"https:\/\/www.portalmiradouro.com.br\/site\/author\/portal\/"}]}},"coauthors":[],"tax_additional":{"categories":{"linked":["<a href=\"https:\/\/www.portalmiradouro.com.br\/site\/category\/portal\/\" class=\"advgb-post-tax-term\">Destaque<\/a>","<a href=\"https:\/\/www.portalmiradouro.com.br\/site\/category\/giro-policial\/\" class=\"advgb-post-tax-term\">GIRO POLICIAL<\/a>","<a href=\"https:\/\/www.portalmiradouro.com.br\/site\/category\/noticias-lateral\/\" class=\"advgb-post-tax-term\">Not\u00edcias<\/a>","<a href=\"https:\/\/www.portalmiradouro.com.br\/site\/category\/portal-principal\/\" class=\"advgb-post-tax-term\">Portal Miradouro<\/a>"],"unlinked":["<span class=\"advgb-post-tax-term\">Destaque<\/span>","<span class=\"advgb-post-tax-term\">GIRO POLICIAL<\/span>","<span class=\"advgb-post-tax-term\">Not\u00edcias<\/span>","<span class=\"advgb-post-tax-term\">Portal Miradouro<\/span>"]},"tags":{"linked":["<a href=\"https:\/\/www.portalmiradouro.com.br\/site\/category\/portal-principal\/\" class=\"advgb-post-tax-term\">Crime<\/a>","<a href=\"https:\/\/www.portalmiradouro.com.br\/site\/category\/portal-principal\/\" class=\"advgb-post-tax-term\">PMMG<\/a>","<a href=\"https:\/\/www.portalmiradouro.com.br\/site\/category\/portal-principal\/\" class=\"advgb-post-tax-term\">Pris\u00e3o<\/a>","<a href=\"https:\/\/www.portalmiradouro.com.br\/site\/category\/portal-principal\/\" class=\"advgb-post-tax-term\">viol\u00eancia dom\u00e9stica<\/a>"],"unlinked":["<span class=\"advgb-post-tax-term\">Crime<\/span>","<span class=\"advgb-post-tax-term\">PMMG<\/span>","<span class=\"advgb-post-tax-term\">Pris\u00e3o<\/span>","<span class=\"advgb-post-tax-term\">viol\u00eancia dom\u00e9stica<\/span>"]}},"comment_count":"0","relative_dates":{"created":"Posted 1 dia ago","modified":"Updated 1 dia ago"},"absolute_dates":{"created":"Posted on 1 de setembro de 2026","modified":"Updated on 1 de setembro de 2026"},"absolute_dates_time":{"created":"Posted on 1 de setembro de 2026 08:29","modified":"Updated on 1 de setembro de 2026 08:29"},"featured_img_caption":"","_links":{"self":[{"href":"https:\/\/www.portalmiradouro.com.br\/site\/wp-json\/wp\/v2\/posts\/36765"}],"collection":[{"href":"https:\/\/www.portalmiradouro.com.br\/site\/wp-json\/wp\/v2\/posts"}],"about":[{"href":"https:\/\/www.portalmiradouro.com.br\/site\/wp-json\/wp\/v2\/types\/post"}],"author":[{"embeddable":true,"href":"https:\/\/www.portalmiradouro.com.br\/site\/wp-json\/wp\/v2\/users\/2"}],"replies":[{"embeddable":true,"href":"https:\/\/www.portalmiradouro.com.br\/site\/wp-json\/wp\/v2\/comments?post=36765"}],"version-history":[{"count":1,"href":"https:\/\/www.portalmiradouro.com.br\/site\/wp-json\/wp\/v2\/posts\/36765\/revisions"}],"predecessor-version":[{"id":36766,"href":"https:\/\/www.portalmiradouro.com.br\/site\/wp-json\/wp\/v2\/posts\/36765\/revisions\/36766"}],"wp:featuredmedia":[{"embeddable":true,"href":"https:\/\/www.portalmiradouro.com.br\/site\/wp-json\/wp\/v2\/media\/26019"}],"wp:attachment":[{"href":"https:\/\/www.portalmiradouro.com.br\/site\/wp-json\/wp\/v2\/media?parent=36765"}],"wp:term":[{"taxonomy":"category","embeddable":true,"href":"https:\/\/www.portalmiradouro.com.br\/site\/wp-json\/wp\/v2\/categories?post=36765"},{"taxonomy":"post_tag","embeddable":true,"href":"https:\/\/www.portalmiradouro.com.br\/site\/wp-json\/wp\/v2\/tags?post=36765"}],"curies":[{"name":"wp","href":"https:\/\/api.w.org\/{rel}","templated":true}]}}