{"id":36767,"date":"2026-09-01T16:21:32","date_gmt":"2026-09-01T19:21:32","guid":{"rendered":"https:\/\/www.portalmiradouro.com.br\/site\/?p=36767"},"modified":"2026-09-01T16:33:50","modified_gmt":"2026-09-01T19:33:50","slug":"tre-mg-mantem-cassacao-do-prefeito-e-da-vice-prefeita-de-mirai-por-abuso-de-poder-politico","status":"publish","type":"post","link":"https:\/\/www.portalmiradouro.com.br\/site\/2026\/09\/01\/tre-mg-mantem-cassacao-do-prefeito-e-da-vice-prefeita-de-mirai-por-abuso-de-poder-politico\/","title":{"rendered":"TRE-MG mant\u00e9m cassa\u00e7\u00e3o do prefeito e da vice-prefeita de Mira\u00ed por abuso de poder pol\u00edtico"},"content":{"rendered":"<p style=\"text-align: center;\"><span style=\"color: #000000;\"><strong>Decis\u00e3o desta segunda-feira (31) mant\u00e9m condena\u00e7\u00e3o relacionada a contrata\u00e7\u00f5es tempor\u00e1rias e demiss\u00f5es ap\u00f3s as elei\u00e7\u00f5es de 2024; prefeito segue no cargo enquanto houver possibilidade de recurso<\/strong><\/span><\/p>\n<p><a href=\"https:\/\/www.portalmiradouro.com.br\/site\/2026\/09\/01\/tre-mg-mantem-cassacao-do-prefeito-e-da-vice-prefeita-de-mirai-por-abuso-de-poder-politico\/18-4-2\/\" rel=\"attachment wp-att-36768\"><img loading=\"lazy\" class=\"aligncenter size-full wp-image-36768\" src=\"https:\/\/www.portalmiradouro.com.br\/site\/wp-content\/uploads\/2026\/09\/18-4.jpeg\" alt=\"\" width=\"750\" height=\"500\" \/><\/a><\/p>\n<p style=\"text-align: center;\"><span style=\"color: #000000;\"><strong>Prefeito de Mira\u00ed, Adaelson e vice, Dra. M\u00e1rcia<\/strong><\/span><\/p>\n<p><span style=\"color: #000000;\">O Tribunal Regional Eleitoral de Minas Gerais (TRE-MG) manteve, nesta segunda-feira (31), a decis\u00e3o que determina a cassa\u00e7\u00e3o dos diplomas do prefeito de Mira\u00ed, Adaelson de Almeida Magalh\u00e3es, e da vice-prefeita, M\u00e1rcia Helena Machado de Siqueira. O processo envolve acusa\u00e7\u00f5es de abuso de poder pol\u00edtico e pr\u00e1tica de condutas vedadas durante as elei\u00e7\u00f5es municipais de 2024.<\/span><\/p>\n<p><span style=\"color: #000000;\">Segundo o processo, as irregularidades apontadas est\u00e3o relacionadas principalmente a contrata\u00e7\u00f5es tempor\u00e1rias realizadas pela administra\u00e7\u00e3o municipal durante o per\u00edodo eleitoral, al\u00e9m de demiss\u00f5es ocorridas ap\u00f3s o pleito.<\/span><\/p>\n<p><span style=\"color: #000000;\">Al\u00e9m da cassa\u00e7\u00e3o do diploma, Adaelson permanece condenado \u00e0 inelegibilidade pelo per\u00edodo de oito anos.<\/span><\/p>\n<p><span style=\"color: #000000;\">Apesar da decis\u00e3o do TRE-MG, o prefeito n\u00e3o deixa automaticamente o cargo. A defesa ainda pode recorrer ao Tribunal Superior Eleitoral (TSE), e Adaelson permanece \u00e0 frente da Prefeitura enquanto n\u00e3o houver uma determina\u00e7\u00e3o judicial de afastamento.<\/span><\/p>\n<p><span style=\"color: #000000;\">A disputa eleitoral de 2024 em Mira\u00ed foi marcada por uma diferen\u00e7a m\u00ednima entre os candidatos. Adaelson de Almeida Magalh\u00e3es venceu Felippe Fortuce por apenas\u00a0<strong>nove votos<\/strong>, em uma das elei\u00e7\u00f5es mais apertadas do munic\u00edpio.<\/span><\/p>\n<p><span style=\"color: #000000;\">O resultado ganhou ainda mais relev\u00e2ncia diante do processo que questiona a regularidade de atos praticados durante o per\u00edodo eleitoral.<\/span><\/p>\n<p><span style=\"color: #000000;\">Caso a cassa\u00e7\u00e3o seja mantida definitivamente pelas inst\u00e2ncias superiores da Justi\u00e7a Eleitoral, o munic\u00edpio poder\u00e1 passar por mudan\u00e7as no comando do Executivo. Dependendo do desfecho do processo e das regras aplic\u00e1veis ao caso, poder\u00e1 haver a convoca\u00e7\u00e3o de uma nova elei\u00e7\u00e3o.<\/span><\/p>\n<p><span style=\"color: #000000;\">Por enquanto, entretanto, a situa\u00e7\u00e3o permanece em aberto. A decis\u00e3o desta segunda-feira representa mais uma etapa do processo, que ainda poder\u00e1 ser levado ao TSE pela defesa.<\/span><\/p>\n<p><span style=\"color: #000000;\">Com isso, o futuro pol\u00edtico e administrativo de Mira\u00ed continua dependendo dos pr\u00f3ximos cap\u00edtulos da disputa judicial.<\/span><\/p>\n<p>Fonte: Guia Mira\u00ed<\/p>\n","protected":false},"excerpt":{"rendered":"<p>Decis\u00e3o desta segunda-feira (31) mant\u00e9m condena\u00e7\u00e3o relacionada a contrata\u00e7\u00f5es tempor\u00e1rias e demiss\u00f5es ap\u00f3s as elei\u00e7\u00f5es de 2024; prefeito segue no cargo enquanto houver possibilidade de recurso Prefeito de Mira\u00ed, Adaelson e vice, Dra. M\u00e1rcia O Tribunal Regional Eleitoral de Minas Gerais (TRE-MG) manteve, nesta segunda-feira (31), a decis\u00e3o que determina a cassa\u00e7\u00e3o dos diplomas do prefeito de Mira\u00ed, Adaelson de Almeida Magalh\u00e3es, e da vice-prefeita, M\u00e1rcia Helena Machado de Siqueira. O processo envolve acusa\u00e7\u00f5es de abuso de poder pol\u00edtico e pr\u00e1tica de condutas vedadas durante as elei\u00e7\u00f5es municipais de 2024. Segundo o processo, as irregularidades apontadas est\u00e3o relacionadas principalmente a contrata\u00e7\u00f5es tempor\u00e1rias realizadas pela administra\u00e7\u00e3o municipal durante o per\u00edodo eleitoral, al\u00e9m de demiss\u00f5es ocorridas ap\u00f3s o pleito. Al\u00e9m da cassa\u00e7\u00e3o do diploma, Adaelson permanece condenado \u00e0 inelegibilidade pelo per\u00edodo de oito anos. Apesar da decis\u00e3o do TRE-MG, o prefeito n\u00e3o deixa automaticamente o cargo. A defesa ainda pode recorrer ao Tribunal Superior Eleitoral (TSE), e Adaelson permanece \u00e0 frente da Prefeitura enquanto n\u00e3o houver uma determina\u00e7\u00e3o judicial de afastamento. A disputa eleitoral de 2024 em Mira\u00ed foi marcada por uma diferen\u00e7a m\u00ednima entre os candidatos. Adaelson de Almeida Magalh\u00e3es venceu Felippe Fortuce por apenas\u00a0nove votos, em uma das elei\u00e7\u00f5es mais apertadas do munic\u00edpio. O resultado ganhou ainda mais relev\u00e2ncia diante do processo que questiona a regularidade de atos praticados durante o per\u00edodo eleitoral. Caso a cassa\u00e7\u00e3o seja mantida definitivamente pelas inst\u00e2ncias superiores da Justi\u00e7a Eleitoral, o munic\u00edpio poder\u00e1 passar por mudan\u00e7as no comando do Executivo. Dependendo do desfecho do processo e das regras aplic\u00e1veis ao caso, poder\u00e1 haver a convoca\u00e7\u00e3o de uma nova elei\u00e7\u00e3o. Por enquanto, entretanto, a situa\u00e7\u00e3o permanece em aberto. A decis\u00e3o desta segunda-feira representa mais uma etapa do processo, que ainda poder\u00e1 ser levado ao TSE pela defesa. Com isso, o futuro pol\u00edtico e administrativo de Mira\u00ed continua dependendo dos pr\u00f3ximos cap\u00edtulos da disputa judicial. Fonte: Guia Mira\u00ed<\/p>\n","protected":false},"author":2,"featured_media":0,"comment_status":"open","ping_status":"open","sticky":false,"template":"","format":"standard","meta":{"advgb_blocks_editor_width":"","advgb_blocks_columns_visual_guide":""},"categories":[1],"tags":[463,304,3912,214,3913],"author_meta":{"display_name":"Portal Miradouro","author_link":"https:\/\/www.portalmiradouro.com.br\/site\/author\/portal\/"},"featured_img":null,"yoast_head":"<!-- This site is optimized with the Yoast SEO plugin v17.7.1 - https:\/\/yoast.com\/wordpress\/plugins\/seo\/ -->\n<title>TRE-MG mant\u00e9m cassa\u00e7\u00e3o do prefeito e da vice-prefeita de Mira\u00ed por abuso de poder pol\u00edtico - Portal Miradouro<\/title>\n<meta name=\"description\" content=\"TRE-MG mant\u00e9m cassa\u00e7\u00e3o do prefeito e da vice-prefeita de Mira\u00ed por abuso de poder pol\u00edtico\" \/>\n<meta name=\"robots\" content=\"index, follow, max-snippet:-1, max-image-preview:large, max-video-preview:-1\" \/>\n<link rel=\"canonical\" href=\"https:\/\/www.portalmiradouro.com.br\/site\/2026\/09\/01\/tre-mg-mantem-cassacao-do-prefeito-e-da-vice-prefeita-de-mirai-por-abuso-de-poder-politico\/\" \/>\n<meta property=\"og:locale\" content=\"pt_BR\" \/>\n<meta property=\"og:type\" content=\"article\" \/>\n<meta property=\"og:title\" content=\"TRE-MG mant\u00e9m cassa\u00e7\u00e3o do prefeito e da vice-prefeita de Mira\u00ed por abuso de poder pol\u00edtico - Portal Miradouro\" \/>\n<meta property=\"og:description\" content=\"TRE-MG mant\u00e9m cassa\u00e7\u00e3o do prefeito e da vice-prefeita de Mira\u00ed por abuso de poder pol\u00edtico\" \/>\n<meta property=\"og:url\" content=\"https:\/\/www.portalmiradouro.com.br\/site\/2026\/09\/01\/tre-mg-mantem-cassacao-do-prefeito-e-da-vice-prefeita-de-mirai-por-abuso-de-poder-politico\/\" \/>\n<meta property=\"og:site_name\" content=\"Portal Miradouro\" \/>\n<meta property=\"article:publisher\" content=\"https:\/\/www.facebook.com\/portalmiradouro2020\" \/>\n<meta property=\"article:author\" content=\"https:\/\/www.facebook.com\/Portalmiradouro.com.br\" \/>\n<meta property=\"article:published_time\" content=\"2026-09-01T19:21:32+00:00\" \/>\n<meta property=\"article:modified_time\" content=\"2026-09-01T19:33:50+00:00\" \/>\n<meta property=\"og:image\" content=\"https:\/\/www.portalmiradouro.com.br\/site\/wp-content\/uploads\/2026\/09\/18-4.jpeg\" \/>\n<meta name=\"twitter:card\" content=\"summary_large_image\" \/>\n<meta name=\"twitter:label1\" content=\"Written by\" \/>\n\t<meta name=\"twitter:data1\" content=\"Portal Miradouro\" \/>\n\t<meta name=\"twitter:label2\" content=\"Est. reading time\" \/>\n\t<meta name=\"twitter:data2\" content=\"2 minutos\" \/>\n<script type=\"application\/ld+json\" class=\"yoast-schema-graph\">{\"@context\":\"https:\/\/schema.org\",\"@graph\":[{\"@type\":\"WebSite\",\"@id\":\"https:\/\/www.portalmiradouro.com.br\/site\/#website\",\"url\":\"https:\/\/www.portalmiradouro.com.br\/site\/\",\"name\":\"Portal Miradouro\",\"description\":\"O seu portal de not\\u00edcias\",\"potentialAction\":[{\"@type\":\"SearchAction\",\"target\":{\"@type\":\"EntryPoint\",\"urlTemplate\":\"https:\/\/www.portalmiradouro.com.br\/site\/?s={search_term_string}\"},\"query-input\":\"required name=search_term_string\"}],\"inLanguage\":\"pt-BR\"},{\"@type\":\"ImageObject\",\"@id\":\"https:\/\/www.portalmiradouro.com.br\/site\/2026\/09\/01\/tre-mg-mantem-cassacao-do-prefeito-e-da-vice-prefeita-de-mirai-por-abuso-de-poder-politico\/#primaryimage\",\"inLanguage\":\"pt-BR\",\"url\":\"https:\/\/www.portalmiradouro.com.br\/site\/wp-content\/uploads\/2026\/09\/18-4.jpeg\",\"contentUrl\":\"https:\/\/www.portalmiradouro.com.br\/site\/wp-content\/uploads\/2026\/09\/18-4.jpeg\",\"width\":750,\"height\":500},{\"@type\":\"WebPage\",\"@id\":\"https:\/\/www.portalmiradouro.com.br\/site\/2026\/09\/01\/tre-mg-mantem-cassacao-do-prefeito-e-da-vice-prefeita-de-mirai-por-abuso-de-poder-politico\/#webpage\",\"url\":\"https:\/\/www.portalmiradouro.com.br\/site\/2026\/09\/01\/tre-mg-mantem-cassacao-do-prefeito-e-da-vice-prefeita-de-mirai-por-abuso-de-poder-politico\/\",\"name\":\"TRE-MG mant\\u00e9m cassa\\u00e7\\u00e3o do prefeito e da vice-prefeita de Mira\\u00ed por abuso de poder pol\\u00edtico - Portal Miradouro\",\"isPartOf\":{\"@id\":\"https:\/\/www.portalmiradouro.com.br\/site\/#website\"},\"primaryImageOfPage\":{\"@id\":\"https:\/\/www.portalmiradouro.com.br\/site\/2026\/09\/01\/tre-mg-mantem-cassacao-do-prefeito-e-da-vice-prefeita-de-mirai-por-abuso-de-poder-politico\/#primaryimage\"},\"datePublished\":\"2026-09-01T19:21:32+00:00\",\"dateModified\":\"2026-09-01T19:33:50+00:00\",\"author\":{\"@id\":\"https:\/\/www.portalmiradouro.com.br\/site\/#\/schema\/person\/4cc54eb1e2669057670c45f0992e49e6\"},\"description\":\"TRE-MG mant\\u00e9m cassa\\u00e7\\u00e3o do prefeito e da vice-prefeita de Mira\\u00ed por abuso de poder pol\\u00edtico\",\"breadcrumb\":{\"@id\":\"https:\/\/www.portalmiradouro.com.br\/site\/2026\/09\/01\/tre-mg-mantem-cassacao-do-prefeito-e-da-vice-prefeita-de-mirai-por-abuso-de-poder-politico\/#breadcrumb\"},\"inLanguage\":\"pt-BR\",\"potentialAction\":[{\"@type\":\"ReadAction\",\"target\":[\"https:\/\/www.portalmiradouro.com.br\/site\/2026\/09\/01\/tre-mg-mantem-cassacao-do-prefeito-e-da-vice-prefeita-de-mirai-por-abuso-de-poder-politico\/\"]}]},{\"@type\":\"BreadcrumbList\",\"@id\":\"https:\/\/www.portalmiradouro.com.br\/site\/2026\/09\/01\/tre-mg-mantem-cassacao-do-prefeito-e-da-vice-prefeita-de-mirai-por-abuso-de-poder-politico\/#breadcrumb\",\"itemListElement\":[{\"@type\":\"ListItem\",\"position\":1,\"name\":\"Home\",\"item\":\"https:\/\/www.portalmiradouro.com.br\/site\/\"},{\"@type\":\"ListItem\",\"position\":2,\"name\":\"TRE-MG mant\\u00e9m cassa\\u00e7\\u00e3o do prefeito e da vice-prefeita de Mira\\u00ed por abuso de poder pol\\u00edtico\"}]},{\"@type\":\"Person\",\"@id\":\"https:\/\/www.portalmiradouro.com.br\/site\/#\/schema\/person\/4cc54eb1e2669057670c45f0992e49e6\",\"name\":\"Portal Miradouro\",\"image\":{\"@type\":\"ImageObject\",\"@id\":\"https:\/\/www.portalmiradouro.com.br\/site\/#personlogo\",\"inLanguage\":\"pt-BR\",\"url\":\"https:\/\/secure.gravatar.com\/avatar\/183be5e806e4db6ca84a30fef12e1fcb?s=96&d=mm&r=g\",\"contentUrl\":\"https:\/\/secure.gravatar.com\/avatar\/183be5e806e4db6ca84a30fef12e1fcb?s=96&d=mm&r=g\",\"caption\":\"Portal Miradouro\"},\"sameAs\":[\"http:\/\/www.portalmiradouro.com.br\",\"https:\/\/www.facebook.com\/Portalmiradouro.com.br\",\"https:\/\/www.instagram.com\/portalmiradouro\/\",\"https:\/\/www.linkedin.com\/in\/portal-miradouro-56171b126\/\",\"https:\/\/www.youtube.com\/channel\/UCxin3iT2BCsLZneNCXn2I4w\"],\"url\":\"https:\/\/www.portalmiradouro.com.br\/site\/author\/portal\/\"}]}<\/script>\n<!-- \/ Yoast SEO plugin. -->","yoast_head_json":{"title":"TRE-MG mant\u00e9m cassa\u00e7\u00e3o do prefeito e da vice-prefeita de Mira\u00ed por abuso de poder pol\u00edtico - Portal Miradouro","description":"TRE-MG mant\u00e9m cassa\u00e7\u00e3o do prefeito e da vice-prefeita de Mira\u00ed por abuso de poder pol\u00edtico","robots":{"index":"index","follow":"follow","max-snippet":"max-snippet:-1","max-image-preview":"max-image-preview:large","max-video-preview":"max-video-preview:-1"},"canonical":"https:\/\/www.portalmiradouro.com.br\/site\/2026\/09\/01\/tre-mg-mantem-cassacao-do-prefeito-e-da-vice-prefeita-de-mirai-por-abuso-de-poder-politico\/","og_locale":"pt_BR","og_type":"article","og_title":"TRE-MG mant\u00e9m cassa\u00e7\u00e3o do prefeito e da vice-prefeita de Mira\u00ed por abuso de poder pol\u00edtico - Portal Miradouro","og_description":"TRE-MG mant\u00e9m cassa\u00e7\u00e3o do prefeito e da vice-prefeita de Mira\u00ed por abuso de poder pol\u00edtico","og_url":"https:\/\/www.portalmiradouro.com.br\/site\/2026\/09\/01\/tre-mg-mantem-cassacao-do-prefeito-e-da-vice-prefeita-de-mirai-por-abuso-de-poder-politico\/","og_site_name":"Portal Miradouro","article_publisher":"https:\/\/www.facebook.com\/portalmiradouro2020","article_author":"https:\/\/www.facebook.com\/Portalmiradouro.com.br","article_published_time":"2026-09-01T19:21:32+00:00","article_modified_time":"2026-09-01T19:33:50+00:00","og_image":[{"url":"https:\/\/www.portalmiradouro.com.br\/site\/wp-content\/uploads\/2026\/09\/18-4.jpeg"}],"twitter_card":"summary_large_image","twitter_misc":{"Written by":"Portal Miradouro","Est. reading time":"2 minutos"},"schema":{"@context":"https:\/\/schema.org","@graph":[{"@type":"WebSite","@id":"https:\/\/www.portalmiradouro.com.br\/site\/#website","url":"https:\/\/www.portalmiradouro.com.br\/site\/","name":"Portal Miradouro","description":"O seu portal de not\u00edcias","potentialAction":[{"@type":"SearchAction","target":{"@type":"EntryPoint","urlTemplate":"https:\/\/www.portalmiradouro.com.br\/site\/?s={search_term_string}"},"query-input":"required name=search_term_string"}],"inLanguage":"pt-BR"},{"@type":"ImageObject","@id":"https:\/\/www.portalmiradouro.com.br\/site\/2026\/09\/01\/tre-mg-mantem-cassacao-do-prefeito-e-da-vice-prefeita-de-mirai-por-abuso-de-poder-politico\/#primaryimage","inLanguage":"pt-BR","url":"https:\/\/www.portalmiradouro.com.br\/site\/wp-content\/uploads\/2026\/09\/18-4.jpeg","contentUrl":"https:\/\/www.portalmiradouro.com.br\/site\/wp-content\/uploads\/2026\/09\/18-4.jpeg","width":750,"height":500},{"@type":"WebPage","@id":"https:\/\/www.portalmiradouro.com.br\/site\/2026\/09\/01\/tre-mg-mantem-cassacao-do-prefeito-e-da-vice-prefeita-de-mirai-por-abuso-de-poder-politico\/#webpage","url":"https:\/\/www.portalmiradouro.com.br\/site\/2026\/09\/01\/tre-mg-mantem-cassacao-do-prefeito-e-da-vice-prefeita-de-mirai-por-abuso-de-poder-politico\/","name":"TRE-MG mant\u00e9m cassa\u00e7\u00e3o do prefeito e da vice-prefeita de Mira\u00ed por abuso de poder pol\u00edtico - Portal Miradouro","isPartOf":{"@id":"https:\/\/www.portalmiradouro.com.br\/site\/#website"},"primaryImageOfPage":{"@id":"https:\/\/www.portalmiradouro.com.br\/site\/2026\/09\/01\/tre-mg-mantem-cassacao-do-prefeito-e-da-vice-prefeita-de-mirai-por-abuso-de-poder-politico\/#primaryimage"},"datePublished":"2026-09-01T19:21:32+00:00","dateModified":"2026-09-01T19:33:50+00:00","author":{"@id":"https:\/\/www.portalmiradouro.com.br\/site\/#\/schema\/person\/4cc54eb1e2669057670c45f0992e49e6"},"description":"TRE-MG mant\u00e9m cassa\u00e7\u00e3o do prefeito e da vice-prefeita de Mira\u00ed por abuso de poder pol\u00edtico","breadcrumb":{"@id":"https:\/\/www.portalmiradouro.com.br\/site\/2026\/09\/01\/tre-mg-mantem-cassacao-do-prefeito-e-da-vice-prefeita-de-mirai-por-abuso-de-poder-politico\/#breadcrumb"},"inLanguage":"pt-BR","potentialAction":[{"@type":"ReadAction","target":["https:\/\/www.portalmiradouro.com.br\/site\/2026\/09\/01\/tre-mg-mantem-cassacao-do-prefeito-e-da-vice-prefeita-de-mirai-por-abuso-de-poder-politico\/"]}]},{"@type":"BreadcrumbList","@id":"https:\/\/www.portalmiradouro.com.br\/site\/2026\/09\/01\/tre-mg-mantem-cassacao-do-prefeito-e-da-vice-prefeita-de-mirai-por-abuso-de-poder-politico\/#breadcrumb","itemListElement":[{"@type":"ListItem","position":1,"name":"Home","item":"https:\/\/www.portalmiradouro.com.br\/site\/"},{"@type":"ListItem","position":2,"name":"TRE-MG mant\u00e9m cassa\u00e7\u00e3o do prefeito e da vice-prefeita de Mira\u00ed por abuso de poder pol\u00edtico"}]},{"@type":"Person","@id":"https:\/\/www.portalmiradouro.com.br\/site\/#\/schema\/person\/4cc54eb1e2669057670c45f0992e49e6","name":"Portal Miradouro","image":{"@type":"ImageObject","@id":"https:\/\/www.portalmiradouro.com.br\/site\/#personlogo","inLanguage":"pt-BR","url":"https:\/\/secure.gravatar.com\/avatar\/183be5e806e4db6ca84a30fef12e1fcb?s=96&d=mm&r=g","contentUrl":"https:\/\/secure.gravatar.com\/avatar\/183be5e806e4db6ca84a30fef12e1fcb?s=96&d=mm&r=g","caption":"Portal Miradouro"},"sameAs":["http:\/\/www.portalmiradouro.com.br","https:\/\/www.facebook.com\/Portalmiradouro.com.br","https:\/\/www.instagram.com\/portalmiradouro\/","https:\/\/www.linkedin.com\/in\/portal-miradouro-56171b126\/","https:\/\/www.youtube.com\/channel\/UCxin3iT2BCsLZneNCXn2I4w"],"url":"https:\/\/www.portalmiradouro.com.br\/site\/author\/portal\/"}]}},"coauthors":[],"tax_additional":{"categories":{"linked":["<a href=\"https:\/\/www.portalmiradouro.com.br\/site\/category\/portal\/\" class=\"advgb-post-tax-term\">Destaque<\/a>"],"unlinked":["<span class=\"advgb-post-tax-term\">Destaque<\/span>"]},"tags":{"linked":["<a href=\"https:\/\/www.portalmiradouro.com.br\/site\/category\/portal\/\" class=\"advgb-post-tax-term\">mira\u00ed<\/a>","<a href=\"https:\/\/www.portalmiradouro.com.br\/site\/category\/portal\/\" class=\"advgb-post-tax-term\">pol\u00edtica<\/a>","<a href=\"https:\/\/www.portalmiradouro.com.br\/site\/category\/portal\/\" class=\"advgb-post-tax-term\">Prefito<\/a>","<a href=\"https:\/\/www.portalmiradouro.com.br\/site\/category\/portal\/\" class=\"advgb-post-tax-term\">tre-mg<\/a>","<a href=\"https:\/\/www.portalmiradouro.com.br\/site\/category\/portal\/\" class=\"advgb-post-tax-term\">Vice-Prefeita<\/a>"],"unlinked":["<span class=\"advgb-post-tax-term\">mira\u00ed<\/span>","<span class=\"advgb-post-tax-term\">pol\u00edtica<\/span>","<span class=\"advgb-post-tax-term\">Prefito<\/span>","<span class=\"advgb-post-tax-term\">tre-mg<\/span>","<span class=\"advgb-post-tax-term\">Vice-Prefeita<\/span>"]}},"comment_count":"0","relative_dates":{"created":"Posted 1 dia ago","modified":"Updated 1 dia ago"},"absolute_dates":{"created":"Posted on 1 de setembro de 2026","modified":"Updated on 1 de setembro de 2026"},"absolute_dates_time":{"created":"Posted on 1 de setembro de 2026 16:21","modified":"Updated on 1 de setembro de 2026 16:33"},"featured_img_caption":"","_links":{"self":[{"href":"https:\/\/www.portalmiradouro.com.br\/site\/wp-json\/wp\/v2\/posts\/36767"}],"collection":[{"href":"https:\/\/www.portalmiradouro.com.br\/site\/wp-json\/wp\/v2\/posts"}],"about":[{"href":"https:\/\/www.portalmiradouro.com.br\/site\/wp-json\/wp\/v2\/types\/post"}],"author":[{"embeddable":true,"href":"https:\/\/www.portalmiradouro.com.br\/site\/wp-json\/wp\/v2\/users\/2"}],"replies":[{"embeddable":true,"href":"https:\/\/www.portalmiradouro.com.br\/site\/wp-json\/wp\/v2\/comments?post=36767"}],"version-history":[{"count":2,"href":"https:\/\/www.portalmiradouro.com.br\/site\/wp-json\/wp\/v2\/posts\/36767\/revisions"}],"predecessor-version":[{"id":36770,"href":"https:\/\/www.portalmiradouro.com.br\/site\/wp-json\/wp\/v2\/posts\/36767\/revisions\/36770"}],"wp:attachment":[{"href":"https:\/\/www.portalmiradouro.com.br\/site\/wp-json\/wp\/v2\/media?parent=36767"}],"wp:term":[{"taxonomy":"category","embeddable":true,"href":"https:\/\/www.portalmiradouro.com.br\/site\/wp-json\/wp\/v2\/categories?post=36767"},{"taxonomy":"post_tag","embeddable":true,"href":"https:\/\/www.portalmiradouro.com.br\/site\/wp-json\/wp\/v2\/tags?post=36767"}],"curies":[{"name":"wp","href":"https:\/\/api.w.org\/{rel}","templated":true}]}}