{"id":36771,"date":"2026-09-02T19:53:20","date_gmt":"2026-09-02T22:53:20","guid":{"rendered":"https:\/\/www.portalmiradouro.com.br\/site\/?p=36771"},"modified":"2026-09-02T19:53:21","modified_gmt":"2026-09-02T22:53:21","slug":"apos-anos-de-espera-trecho-da-br-474-comeca-a-ser-asfaltado-em-ipanema","status":"publish","type":"post","link":"https:\/\/www.portalmiradouro.com.br\/site\/2026\/09\/02\/apos-anos-de-espera-trecho-da-br-474-comeca-a-ser-asfaltado-em-ipanema\/","title":{"rendered":"Ap\u00f3s anos de espera, trecho da BR-474 come\u00e7a a ser asfaltado em Ipanema"},"content":{"rendered":"<p><a href=\"https:\/\/www.portalmiradouro.com.br\/site\/2026\/09\/02\/apos-anos-de-espera-trecho-da-br-474-comeca-a-ser-asfaltado-em-ipanema\/whatsapp-image-2026-09-02-at-19-45-15-1\/\" rel=\"attachment wp-att-36772\"><img loading=\"lazy\" class=\"aligncenter size-full wp-image-36772\" src=\"https:\/\/www.portalmiradouro.com.br\/site\/wp-content\/uploads\/2026\/09\/WhatsApp-Image-2026-09-02-at-19.45.15-1.jpeg\" alt=\"\" width=\"790\" height=\"527\" \/><\/a><\/p>\n<p style=\"text-align: center;\"><span style=\"color: #000000;\">Fotos: Gleicysouzafoto<\/span><\/p>\n<p><a href=\"https:\/\/www.portalmiradouro.com.br\/site\/2026\/09\/02\/apos-anos-de-espera-trecho-da-br-474-comeca-a-ser-asfaltado-em-ipanema\/whatsapp-image-2026-09-02-at-19-45-15-2\/\" rel=\"attachment wp-att-36773\"><img loading=\"lazy\" class=\"aligncenter size-full wp-image-36773\" src=\"https:\/\/www.portalmiradouro.com.br\/site\/wp-content\/uploads\/2026\/09\/WhatsApp-Image-2026-09-02-at-19.45.15-2.jpeg\" alt=\"\" width=\"790\" height=\"527\" \/><\/a><\/p>\n<p><a href=\"https:\/\/www.portalmiradouro.com.br\/site\/2026\/09\/02\/apos-anos-de-espera-trecho-da-br-474-comeca-a-ser-asfaltado-em-ipanema\/whatsapp-image-2026-09-02-at-19-45-15-4\/\" rel=\"attachment wp-att-36775\"><img loading=\"lazy\" class=\"aligncenter size-full wp-image-36775\" src=\"https:\/\/www.portalmiradouro.com.br\/site\/wp-content\/uploads\/2026\/09\/WhatsApp-Image-2026-09-02-at-19.45.15-4.jpeg\" alt=\"\" width=\"790\" height=\"527\" \/><\/a><\/p>\n<p><span style=\"color: #000000;\">Um trecho de tr\u00eas quil\u00f4metros da BR-474, na sa\u00edda de Ipanema, no sentido Caratinga, come\u00e7ou a receber obras de pavimenta\u00e7\u00e3o. O in\u00edcio dos trabalhos foi anunciado pelo prefeito de Ipanema, J\u00falio Fontoura, nas redes sociais.<\/span><\/p>\n<p><span style=\"color: #000000;\">Segundo o prefeito, ap\u00f3s reuni\u00f5es realizadas em Bras\u00edlia com o Departamento Nacional de Infraestrutura de Transportes (DNIT) e com a Superintend\u00eancia do \u00f3rg\u00e3o em Belo Horizonte, foi dado in\u00edcio ao asfaltamento do trecho, com recursos do Governo Federal. Na publica\u00e7\u00e3o, J\u00falio tamb\u00e9m afirmou que continuar\u00e1 buscando a pavimenta\u00e7\u00e3o de outro segmento da BR-474, localizado na regi\u00e3o da RPPN Feliciano Miguel Abdala.<\/span><\/p>\n<p><span style=\"color: #000000;\">O trecho que est\u00e1 sendo contemplado pela obra corresponde aos quil\u00f4metros 95,00 a 98,00 da BR-474, totalizando tr\u00eas quil\u00f4metros. O pr\u00f3prio DNIT classificou esse segmento como \u201cin\u00edcio trecho n\u00e3o pavimentado \u2013 in\u00edcio trecho pavimentado\u201d e, em dezembro de 2023, autorizou a contrata\u00e7\u00e3o de estudos e projetos de engenharia para a implanta\u00e7\u00e3o e pavimenta\u00e7\u00e3o do trecho.<\/span><\/p>\n<h4><span style=\"color: #ff0000;\"><strong>CONTINUE LENDO CLICANDO EM<\/strong><\/span><\/h4>\n<h4 style=\"text-align: center;\"><a href=\"https:\/\/www.portalmiradouro.com.br\/site\/2026\/07\/15\/grande-apreensao-de-drogas-termina-com-prisao-de-suspeito-apos-perseguicao-em-muriae\/sem-titulo-1-5\/\" rel=\"attachment wp-att-36344\"><img loading=\"lazy\" class=\"aligncenter size-full wp-image-36344\" src=\"https:\/\/www.portalmiradouro.com.br\/site\/wp-content\/uploads\/2026\/07\/Sem-Titulo-1.png\" alt=\"\" width=\"790\" height=\"204\" \/><\/a><\/h4>\n<h4><!--more--><\/h4>\n<p><a href=\"https:\/\/www.portalmiradouro.com.br\/site\/2026\/09\/02\/apos-anos-de-espera-trecho-da-br-474-comeca-a-ser-asfaltado-em-ipanema\/whatsapp-image-2026-09-02-at-19-45-16\/\" rel=\"attachment wp-att-36781\"><img loading=\"lazy\" class=\"aligncenter size-full wp-image-36781\" src=\"https:\/\/www.portalmiradouro.com.br\/site\/wp-content\/uploads\/2026\/09\/WhatsApp-Image-2026-09-02-at-19.45.16.jpeg\" alt=\"\" width=\"790\" height=\"527\" \/><\/a><\/p>\n<p><a href=\"https:\/\/www.portalmiradouro.com.br\/site\/2026\/09\/02\/apos-anos-de-espera-trecho-da-br-474-comeca-a-ser-asfaltado-em-ipanema\/whatsapp-image-2026-09-02-at-19-45-16-4\/\" rel=\"attachment wp-att-36780\"><img loading=\"lazy\" class=\"aligncenter size-full wp-image-36780\" src=\"https:\/\/www.portalmiradouro.com.br\/site\/wp-content\/uploads\/2026\/09\/WhatsApp-Image-2026-09-02-at-19.45.16-4.jpeg\" alt=\"\" width=\"790\" height=\"527\" \/><\/a><\/p>\n<p><a href=\"https:\/\/www.portalmiradouro.com.br\/site\/2026\/09\/02\/apos-anos-de-espera-trecho-da-br-474-comeca-a-ser-asfaltado-em-ipanema\/whatsapp-image-2026-09-02-at-19-45-16-3\/\" rel=\"attachment wp-att-36779\"><img loading=\"lazy\" class=\"aligncenter size-full wp-image-36779\" src=\"https:\/\/www.portalmiradouro.com.br\/site\/wp-content\/uploads\/2026\/09\/WhatsApp-Image-2026-09-02-at-19.45.16-3.jpeg\" alt=\"\" width=\"790\" height=\"527\" \/><\/a><\/p>\n<p><a href=\"https:\/\/www.portalmiradouro.com.br\/site\/2026\/09\/02\/apos-anos-de-espera-trecho-da-br-474-comeca-a-ser-asfaltado-em-ipanema\/whatsapp-image-2026-09-02-at-19-45-16-1\/\" rel=\"attachment wp-att-36777\"><img loading=\"lazy\" class=\"aligncenter size-full wp-image-36777\" src=\"https:\/\/www.portalmiradouro.com.br\/site\/wp-content\/uploads\/2026\/09\/WhatsApp-Image-2026-09-02-at-19.45.16-1.jpeg\" alt=\"\" width=\"790\" height=\"527\" \/><\/a><\/p>\n<p><a href=\"https:\/\/www.portalmiradouro.com.br\/site\/2026\/09\/02\/apos-anos-de-espera-trecho-da-br-474-comeca-a-ser-asfaltado-em-ipanema\/whatsapp-image-2026-09-02-at-19-45-15\/\" rel=\"attachment wp-att-36776\"><img loading=\"lazy\" class=\"aligncenter size-full wp-image-36776\" src=\"https:\/\/www.portalmiradouro.com.br\/site\/wp-content\/uploads\/2026\/09\/WhatsApp-Image-2026-09-02-at-19.45.15.jpeg\" alt=\"\" width=\"790\" height=\"527\" \/><\/a><span style=\"color: #000000;\">Uma demanda antiga<\/span><\/p>\n<p><span style=\"color: #000000;\">A pavimenta\u00e7\u00e3o da BR-474 entre Caratinga e Ipanema \u00e9 uma demanda que se estende por diferentes per\u00edodos e projetos.<\/span><\/p>\n<p><span style=\"color: #000000;\">Em 13 de agosto de 2009, foi assinada uma ordem de servi\u00e7o para a complementa\u00e7\u00e3o da pavimenta\u00e7\u00e3o de 59 quil\u00f4metros da BR-474, entre S\u00e3o Jo\u00e3o do Jacutinga e Aimor\u00e9s. A interven\u00e7\u00e3o previa 26 quil\u00f4metros entre S\u00e3o Jo\u00e3o do Jacutinga e Ipanema e outros 33 quil\u00f4metros entre Ipanema e Aimor\u00e9s.<\/span><\/p>\n<p><span style=\"color: #000000;\">Na \u00e9poca, o investimento anunciado para essa interven\u00e7\u00e3o era de R$ 32 milh\u00f5es, sendo R$ 27 milh\u00f5es provenientes da Uni\u00e3o e R$ 5 milh\u00f5es do Governo de Minas Gerais. As obras come\u00e7aram naquele momento e a previs\u00e3o divulgada era de conclus\u00e3o em 2010.<\/span><\/p>\n<p><span style=\"color: #000000;\">Um informativo publicado pela empresa EMPA em 2010 mostra que a obra ainda estava em execu\u00e7\u00e3o. O documento registra que os trabalhos haviam sido retomados em setembro de 2009 e tinham previs\u00e3o de t\u00e9rmino para dezembro de 2010. Naquele momento, o trecho entre Caratinga e Ipanema apresentava 62% de execu\u00e7\u00e3o.<\/span><\/p>\n<p><span style=\"color: #000000;\">Entretanto, a pavimenta\u00e7\u00e3o n\u00e3o foi conclu\u00edda integralmente conforme o planejamento inicial. Em 2012, durante audi\u00eancia p\u00fablica realizada na Assembleia Legislativa de Minas Gerais para discutir a situa\u00e7\u00e3o da BR-474, o supervisor do DNIT em Caratinga informou que o encerramento do contrato havia provocado a paralisa\u00e7\u00e3o das obras. Segundo ele, o \u00f3rg\u00e3o estudava a realiza\u00e7\u00e3o de um novo conv\u00eanio ou de uma licita\u00e7\u00e3o para executar o restante da pavimenta\u00e7\u00e3o.<\/span><\/p>\n<p><span style=\"color: #000000;\">A situa\u00e7\u00e3o continuou sendo discutida nos anos seguintes. Em 2019, o supervisor do DNIT em Caratinga informou que havia um edital para a pavimenta\u00e7\u00e3o de tr\u00eas quil\u00f4metros na chegada de Ipanema. Na mesma ocasi\u00e3o, ele mencionou a exist\u00eancia de dois trechos da BR-474 ainda em leito natural, ou seja, sem pavimenta\u00e7\u00e3o.<\/span><\/p>\n<p><span style=\"color: #000000;\">Em 2023, o DNIT voltou a formalizar especificamente o trecho entre os quil\u00f4metros 95 e 98 como objeto de estudos e projetos para implanta\u00e7\u00e3o e pavimenta\u00e7\u00e3o. O documento oficial do \u00f3rg\u00e3o estabelece a extens\u00e3o de tr\u00eas quil\u00f4metros para esse segmento.<\/span><\/p>\n<p><span style=\"color: #000000;\">Pavimenta\u00e7\u00e3o chega novamente ao trecho<\/span><\/p>\n<p><span style=\"color: #000000;\">Agora, segundo o an\u00fancio do prefeito J\u00falio Fontoura, os trabalhos foram iniciados no trecho de tr\u00eas quil\u00f4metros pr\u00f3ximo a Ipanema.<\/span><\/p>\n<p><span style=\"color: #000000;\">A interven\u00e7\u00e3o representa mais uma etapa na tentativa de concluir a pavimenta\u00e7\u00e3o desse segmento da BR-474, que permanece como trecho n\u00e3o pavimentado nos registros do DNIT.<\/span><\/p>\n<p><span style=\"color: #000000;\">Al\u00e9m de beneficiar o deslocamento entre Ipanema e Caratinga, a pavimenta\u00e7\u00e3o \u00e9 considerada estrat\u00e9gica para a circula\u00e7\u00e3o de moradores, produtores, trabalhadores e demais usu\u00e1rios que utilizam a rodovia.<\/span><\/p>\n<p><span style=\"color: #000000;\">Enquanto o asfaltamento do trecho pr\u00f3ximo a Ipanema avan\u00e7a, o prefeito afirma que continuar\u00e1 buscando a pavimenta\u00e7\u00e3o do segmento localizado na regi\u00e3o da RPPN Feliciano Miguel Abdala, que \u00e9 uma \u00e1rea diferente e possui outras quest\u00f5es relacionadas \u00e0 execu\u00e7\u00e3o da obra.<\/span><\/p>\n<p><span style=\"color: #000000;\">A expectativa agora \u00e9 acompanhar o avan\u00e7o dos trabalhos e o cumprimento do cronograma da nova obra.<\/span><\/p>\n","protected":false},"excerpt":{"rendered":"<p>Fotos: Gleicysouzafoto Um trecho de tr\u00eas quil\u00f4metros da BR-474, na sa\u00edda de Ipanema, no sentido Caratinga, come\u00e7ou a receber obras de pavimenta\u00e7\u00e3o. O in\u00edcio dos trabalhos foi anunciado pelo prefeito de Ipanema, J\u00falio Fontoura, nas redes sociais. Segundo o prefeito, ap\u00f3s reuni\u00f5es realizadas em Bras\u00edlia com o Departamento Nacional de Infraestrutura de Transportes (DNIT) e com a Superintend\u00eancia do \u00f3rg\u00e3o em Belo Horizonte, foi dado in\u00edcio ao asfaltamento do trecho, com recursos do Governo Federal. Na publica\u00e7\u00e3o, J\u00falio tamb\u00e9m afirmou que continuar\u00e1 buscando a pavimenta\u00e7\u00e3o de outro segmento da BR-474, localizado na regi\u00e3o da RPPN Feliciano Miguel Abdala. O trecho que est\u00e1 sendo contemplado pela obra corresponde aos quil\u00f4metros 95,00 a 98,00 da BR-474, totalizando tr\u00eas quil\u00f4metros. O pr\u00f3prio DNIT classificou esse segmento como \u201cin\u00edcio trecho n\u00e3o pavimentado \u2013 in\u00edcio trecho pavimentado\u201d e, em dezembro de 2023, autorizou a contrata\u00e7\u00e3o de estudos e projetos de engenharia para a implanta\u00e7\u00e3o e pavimenta\u00e7\u00e3o do trecho. CONTINUE LENDO CLICANDO EM<\/p>\n","protected":false},"author":2,"featured_media":0,"comment_status":"open","ping_status":"open","sticky":false,"template":"","format":"standard","meta":{"advgb_blocks_editor_width":"","advgb_blocks_columns_visual_guide":""},"categories":[1],"tags":[3915,1865,2087,3914,2414],"author_meta":{"display_name":"Portal Miradouro","author_link":"https:\/\/www.portalmiradouro.com.br\/site\/author\/portal\/"},"featured_img":null,"yoast_head":"<!-- This site is optimized with the Yoast SEO plugin v17.7.1 - https:\/\/yoast.com\/wordpress\/plugins\/seo\/ -->\n<title>Ap\u00f3s anos de espera, trecho da BR-474 come\u00e7a a ser asfaltado em Ipanema - Portal Miradouro<\/title>\n<meta name=\"description\" content=\"Ap\u00f3s anos de espera, trecho da BR-474 come\u00e7a a ser asfaltado em Ipanema\" \/>\n<meta name=\"robots\" content=\"index, follow, max-snippet:-1, max-image-preview:large, max-video-preview:-1\" \/>\n<link rel=\"canonical\" href=\"https:\/\/www.portalmiradouro.com.br\/site\/2026\/09\/02\/apos-anos-de-espera-trecho-da-br-474-comeca-a-ser-asfaltado-em-ipanema\/\" \/>\n<meta property=\"og:locale\" content=\"pt_BR\" \/>\n<meta property=\"og:type\" content=\"article\" \/>\n<meta property=\"og:title\" content=\"Ap\u00f3s anos de espera, trecho da BR-474 come\u00e7a a ser asfaltado em Ipanema - Portal Miradouro\" \/>\n<meta property=\"og:description\" content=\"Ap\u00f3s anos de espera, trecho da BR-474 come\u00e7a a ser asfaltado em Ipanema\" \/>\n<meta property=\"og:url\" content=\"https:\/\/www.portalmiradouro.com.br\/site\/2026\/09\/02\/apos-anos-de-espera-trecho-da-br-474-comeca-a-ser-asfaltado-em-ipanema\/\" \/>\n<meta property=\"og:site_name\" content=\"Portal Miradouro\" \/>\n<meta property=\"article:publisher\" content=\"https:\/\/www.facebook.com\/portalmiradouro2020\" \/>\n<meta property=\"article:author\" content=\"https:\/\/www.facebook.com\/Portalmiradouro.com.br\" \/>\n<meta property=\"article:published_time\" content=\"2026-09-02T22:53:20+00:00\" \/>\n<meta property=\"article:modified_time\" content=\"2026-09-02T22:53:21+00:00\" \/>\n<meta property=\"og:image\" content=\"https:\/\/www.portalmiradouro.com.br\/site\/wp-content\/uploads\/2026\/09\/WhatsApp-Image-2026-09-02-at-19.45.15-1.jpeg\" \/>\n<meta name=\"twitter:card\" content=\"summary_large_image\" \/>\n<meta name=\"twitter:label1\" content=\"Written by\" \/>\n\t<meta name=\"twitter:data1\" content=\"Portal Miradouro\" \/>\n\t<meta name=\"twitter:label2\" content=\"Est. reading time\" \/>\n\t<meta name=\"twitter:data2\" content=\"5 minutos\" \/>\n<script type=\"application\/ld+json\" class=\"yoast-schema-graph\">{\"@context\":\"https:\/\/schema.org\",\"@graph\":[{\"@type\":\"WebSite\",\"@id\":\"https:\/\/www.portalmiradouro.com.br\/site\/#website\",\"url\":\"https:\/\/www.portalmiradouro.com.br\/site\/\",\"name\":\"Portal Miradouro\",\"description\":\"O seu portal de not\\u00edcias\",\"potentialAction\":[{\"@type\":\"SearchAction\",\"target\":{\"@type\":\"EntryPoint\",\"urlTemplate\":\"https:\/\/www.portalmiradouro.com.br\/site\/?s={search_term_string}\"},\"query-input\":\"required name=search_term_string\"}],\"inLanguage\":\"pt-BR\"},{\"@type\":\"ImageObject\",\"@id\":\"https:\/\/www.portalmiradouro.com.br\/site\/2026\/09\/02\/apos-anos-de-espera-trecho-da-br-474-comeca-a-ser-asfaltado-em-ipanema\/#primaryimage\",\"inLanguage\":\"pt-BR\",\"url\":\"https:\/\/www.portalmiradouro.com.br\/site\/wp-content\/uploads\/2026\/09\/WhatsApp-Image-2026-09-02-at-19.45.15-1.jpeg\",\"contentUrl\":\"https:\/\/www.portalmiradouro.com.br\/site\/wp-content\/uploads\/2026\/09\/WhatsApp-Image-2026-09-02-at-19.45.15-1.jpeg\",\"width\":790,\"height\":527},{\"@type\":\"WebPage\",\"@id\":\"https:\/\/www.portalmiradouro.com.br\/site\/2026\/09\/02\/apos-anos-de-espera-trecho-da-br-474-comeca-a-ser-asfaltado-em-ipanema\/#webpage\",\"url\":\"https:\/\/www.portalmiradouro.com.br\/site\/2026\/09\/02\/apos-anos-de-espera-trecho-da-br-474-comeca-a-ser-asfaltado-em-ipanema\/\",\"name\":\"Ap\\u00f3s anos de espera, trecho da BR-474 come\\u00e7a a ser asfaltado em Ipanema - Portal Miradouro\",\"isPartOf\":{\"@id\":\"https:\/\/www.portalmiradouro.com.br\/site\/#website\"},\"primaryImageOfPage\":{\"@id\":\"https:\/\/www.portalmiradouro.com.br\/site\/2026\/09\/02\/apos-anos-de-espera-trecho-da-br-474-comeca-a-ser-asfaltado-em-ipanema\/#primaryimage\"},\"datePublished\":\"2026-09-02T22:53:20+00:00\",\"dateModified\":\"2026-09-02T22:53:21+00:00\",\"author\":{\"@id\":\"https:\/\/www.portalmiradouro.com.br\/site\/#\/schema\/person\/4cc54eb1e2669057670c45f0992e49e6\"},\"description\":\"Ap\\u00f3s anos de espera, trecho da BR-474 come\\u00e7a a ser asfaltado em Ipanema\",\"breadcrumb\":{\"@id\":\"https:\/\/www.portalmiradouro.com.br\/site\/2026\/09\/02\/apos-anos-de-espera-trecho-da-br-474-comeca-a-ser-asfaltado-em-ipanema\/#breadcrumb\"},\"inLanguage\":\"pt-BR\",\"potentialAction\":[{\"@type\":\"ReadAction\",\"target\":[\"https:\/\/www.portalmiradouro.com.br\/site\/2026\/09\/02\/apos-anos-de-espera-trecho-da-br-474-comeca-a-ser-asfaltado-em-ipanema\/\"]}]},{\"@type\":\"BreadcrumbList\",\"@id\":\"https:\/\/www.portalmiradouro.com.br\/site\/2026\/09\/02\/apos-anos-de-espera-trecho-da-br-474-comeca-a-ser-asfaltado-em-ipanema\/#breadcrumb\",\"itemListElement\":[{\"@type\":\"ListItem\",\"position\":1,\"name\":\"Home\",\"item\":\"https:\/\/www.portalmiradouro.com.br\/site\/\"},{\"@type\":\"ListItem\",\"position\":2,\"name\":\"Ap\\u00f3s anos de espera, trecho da BR-474 come\\u00e7a a ser asfaltado em Ipanema\"}]},{\"@type\":\"Person\",\"@id\":\"https:\/\/www.portalmiradouro.com.br\/site\/#\/schema\/person\/4cc54eb1e2669057670c45f0992e49e6\",\"name\":\"Portal Miradouro\",\"image\":{\"@type\":\"ImageObject\",\"@id\":\"https:\/\/www.portalmiradouro.com.br\/site\/#personlogo\",\"inLanguage\":\"pt-BR\",\"url\":\"https:\/\/secure.gravatar.com\/avatar\/183be5e806e4db6ca84a30fef12e1fcb?s=96&d=mm&r=g\",\"contentUrl\":\"https:\/\/secure.gravatar.com\/avatar\/183be5e806e4db6ca84a30fef12e1fcb?s=96&d=mm&r=g\",\"caption\":\"Portal Miradouro\"},\"sameAs\":[\"http:\/\/www.portalmiradouro.com.br\",\"https:\/\/www.facebook.com\/Portalmiradouro.com.br\",\"https:\/\/www.instagram.com\/portalmiradouro\/\",\"https:\/\/www.linkedin.com\/in\/portal-miradouro-56171b126\/\",\"https:\/\/www.youtube.com\/channel\/UCxin3iT2BCsLZneNCXn2I4w\"],\"url\":\"https:\/\/www.portalmiradouro.com.br\/site\/author\/portal\/\"}]}<\/script>\n<!-- \/ Yoast SEO plugin. -->","yoast_head_json":{"title":"Ap\u00f3s anos de espera, trecho da BR-474 come\u00e7a a ser asfaltado em Ipanema - Portal Miradouro","description":"Ap\u00f3s anos de espera, trecho da BR-474 come\u00e7a a ser asfaltado em Ipanema","robots":{"index":"index","follow":"follow","max-snippet":"max-snippet:-1","max-image-preview":"max-image-preview:large","max-video-preview":"max-video-preview:-1"},"canonical":"https:\/\/www.portalmiradouro.com.br\/site\/2026\/09\/02\/apos-anos-de-espera-trecho-da-br-474-comeca-a-ser-asfaltado-em-ipanema\/","og_locale":"pt_BR","og_type":"article","og_title":"Ap\u00f3s anos de espera, trecho da BR-474 come\u00e7a a ser asfaltado em Ipanema - Portal Miradouro","og_description":"Ap\u00f3s anos de espera, trecho da BR-474 come\u00e7a a ser asfaltado em Ipanema","og_url":"https:\/\/www.portalmiradouro.com.br\/site\/2026\/09\/02\/apos-anos-de-espera-trecho-da-br-474-comeca-a-ser-asfaltado-em-ipanema\/","og_site_name":"Portal Miradouro","article_publisher":"https:\/\/www.facebook.com\/portalmiradouro2020","article_author":"https:\/\/www.facebook.com\/Portalmiradouro.com.br","article_published_time":"2026-09-02T22:53:20+00:00","article_modified_time":"2026-09-02T22:53:21+00:00","og_image":[{"url":"https:\/\/www.portalmiradouro.com.br\/site\/wp-content\/uploads\/2026\/09\/WhatsApp-Image-2026-09-02-at-19.45.15-1.jpeg"}],"twitter_card":"summary_large_image","twitter_misc":{"Written by":"Portal Miradouro","Est. reading time":"5 minutos"},"schema":{"@context":"https:\/\/schema.org","@graph":[{"@type":"WebSite","@id":"https:\/\/www.portalmiradouro.com.br\/site\/#website","url":"https:\/\/www.portalmiradouro.com.br\/site\/","name":"Portal Miradouro","description":"O seu portal de not\u00edcias","potentialAction":[{"@type":"SearchAction","target":{"@type":"EntryPoint","urlTemplate":"https:\/\/www.portalmiradouro.com.br\/site\/?s={search_term_string}"},"query-input":"required name=search_term_string"}],"inLanguage":"pt-BR"},{"@type":"ImageObject","@id":"https:\/\/www.portalmiradouro.com.br\/site\/2026\/09\/02\/apos-anos-de-espera-trecho-da-br-474-comeca-a-ser-asfaltado-em-ipanema\/#primaryimage","inLanguage":"pt-BR","url":"https:\/\/www.portalmiradouro.com.br\/site\/wp-content\/uploads\/2026\/09\/WhatsApp-Image-2026-09-02-at-19.45.15-1.jpeg","contentUrl":"https:\/\/www.portalmiradouro.com.br\/site\/wp-content\/uploads\/2026\/09\/WhatsApp-Image-2026-09-02-at-19.45.15-1.jpeg","width":790,"height":527},{"@type":"WebPage","@id":"https:\/\/www.portalmiradouro.com.br\/site\/2026\/09\/02\/apos-anos-de-espera-trecho-da-br-474-comeca-a-ser-asfaltado-em-ipanema\/#webpage","url":"https:\/\/www.portalmiradouro.com.br\/site\/2026\/09\/02\/apos-anos-de-espera-trecho-da-br-474-comeca-a-ser-asfaltado-em-ipanema\/","name":"Ap\u00f3s anos de espera, trecho da BR-474 come\u00e7a a ser asfaltado em Ipanema - Portal Miradouro","isPartOf":{"@id":"https:\/\/www.portalmiradouro.com.br\/site\/#website"},"primaryImageOfPage":{"@id":"https:\/\/www.portalmiradouro.com.br\/site\/2026\/09\/02\/apos-anos-de-espera-trecho-da-br-474-comeca-a-ser-asfaltado-em-ipanema\/#primaryimage"},"datePublished":"2026-09-02T22:53:20+00:00","dateModified":"2026-09-02T22:53:21+00:00","author":{"@id":"https:\/\/www.portalmiradouro.com.br\/site\/#\/schema\/person\/4cc54eb1e2669057670c45f0992e49e6"},"description":"Ap\u00f3s anos de espera, trecho da BR-474 come\u00e7a a ser asfaltado em Ipanema","breadcrumb":{"@id":"https:\/\/www.portalmiradouro.com.br\/site\/2026\/09\/02\/apos-anos-de-espera-trecho-da-br-474-comeca-a-ser-asfaltado-em-ipanema\/#breadcrumb"},"inLanguage":"pt-BR","potentialAction":[{"@type":"ReadAction","target":["https:\/\/www.portalmiradouro.com.br\/site\/2026\/09\/02\/apos-anos-de-espera-trecho-da-br-474-comeca-a-ser-asfaltado-em-ipanema\/"]}]},{"@type":"BreadcrumbList","@id":"https:\/\/www.portalmiradouro.com.br\/site\/2026\/09\/02\/apos-anos-de-espera-trecho-da-br-474-comeca-a-ser-asfaltado-em-ipanema\/#breadcrumb","itemListElement":[{"@type":"ListItem","position":1,"name":"Home","item":"https:\/\/www.portalmiradouro.com.br\/site\/"},{"@type":"ListItem","position":2,"name":"Ap\u00f3s anos de espera, trecho da BR-474 come\u00e7a a ser asfaltado em Ipanema"}]},{"@type":"Person","@id":"https:\/\/www.portalmiradouro.com.br\/site\/#\/schema\/person\/4cc54eb1e2669057670c45f0992e49e6","name":"Portal Miradouro","image":{"@type":"ImageObject","@id":"https:\/\/www.portalmiradouro.com.br\/site\/#personlogo","inLanguage":"pt-BR","url":"https:\/\/secure.gravatar.com\/avatar\/183be5e806e4db6ca84a30fef12e1fcb?s=96&d=mm&r=g","contentUrl":"https:\/\/secure.gravatar.com\/avatar\/183be5e806e4db6ca84a30fef12e1fcb?s=96&d=mm&r=g","caption":"Portal Miradouro"},"sameAs":["http:\/\/www.portalmiradouro.com.br","https:\/\/www.facebook.com\/Portalmiradouro.com.br","https:\/\/www.instagram.com\/portalmiradouro\/","https:\/\/www.linkedin.com\/in\/portal-miradouro-56171b126\/","https:\/\/www.youtube.com\/channel\/UCxin3iT2BCsLZneNCXn2I4w"],"url":"https:\/\/www.portalmiradouro.com.br\/site\/author\/portal\/"}]}},"coauthors":[],"tax_additional":{"categories":{"linked":["<a href=\"https:\/\/www.portalmiradouro.com.br\/site\/category\/portal\/\" class=\"advgb-post-tax-term\">Destaque<\/a>"],"unlinked":["<span class=\"advgb-post-tax-term\">Destaque<\/span>"]},"tags":{"linked":["<a href=\"https:\/\/www.portalmiradouro.com.br\/site\/category\/portal\/\" class=\"advgb-post-tax-term\">BR 474<\/a>","<a href=\"https:\/\/www.portalmiradouro.com.br\/site\/category\/portal\/\" class=\"advgb-post-tax-term\">DNIT<\/a>","<a href=\"https:\/\/www.portalmiradouro.com.br\/site\/category\/portal\/\" class=\"advgb-post-tax-term\">Estrada<\/a>","<a href=\"https:\/\/www.portalmiradouro.com.br\/site\/category\/portal\/\" class=\"advgb-post-tax-term\">MELHORIAS<\/a>","<a href=\"https:\/\/www.portalmiradouro.com.br\/site\/category\/portal\/\" class=\"advgb-post-tax-term\">via<\/a>"],"unlinked":["<span class=\"advgb-post-tax-term\">BR 474<\/span>","<span class=\"advgb-post-tax-term\">DNIT<\/span>","<span class=\"advgb-post-tax-term\">Estrada<\/span>","<span class=\"advgb-post-tax-term\">MELHORIAS<\/span>","<span class=\"advgb-post-tax-term\">via<\/span>"]}},"comment_count":"0","relative_dates":{"created":"Posted 10 horas ago","modified":"Updated 10 horas ago"},"absolute_dates":{"created":"Posted on 2 de setembro de 2026","modified":"Updated on 2 de setembro de 2026"},"absolute_dates_time":{"created":"Posted on 2 de setembro de 2026 19:53","modified":"Updated on 2 de setembro de 2026 19:53"},"featured_img_caption":"","_links":{"self":[{"href":"https:\/\/www.portalmiradouro.com.br\/site\/wp-json\/wp\/v2\/posts\/36771"}],"collection":[{"href":"https:\/\/www.portalmiradouro.com.br\/site\/wp-json\/wp\/v2\/posts"}],"about":[{"href":"https:\/\/www.portalmiradouro.com.br\/site\/wp-json\/wp\/v2\/types\/post"}],"author":[{"embeddable":true,"href":"https:\/\/www.portalmiradouro.com.br\/site\/wp-json\/wp\/v2\/users\/2"}],"replies":[{"embeddable":true,"href":"https:\/\/www.portalmiradouro.com.br\/site\/wp-json\/wp\/v2\/comments?post=36771"}],"version-history":[{"count":2,"href":"https:\/\/www.portalmiradouro.com.br\/site\/wp-json\/wp\/v2\/posts\/36771\/revisions"}],"predecessor-version":[{"id":36783,"href":"https:\/\/www.portalmiradouro.com.br\/site\/wp-json\/wp\/v2\/posts\/36771\/revisions\/36783"}],"wp:attachment":[{"href":"https:\/\/www.portalmiradouro.com.br\/site\/wp-json\/wp\/v2\/media?parent=36771"}],"wp:term":[{"taxonomy":"category","embeddable":true,"href":"https:\/\/www.portalmiradouro.com.br\/site\/wp-json\/wp\/v2\/categories?post=36771"},{"taxonomy":"post_tag","embeddable":true,"href":"https:\/\/www.portalmiradouro.com.br\/site\/wp-json\/wp\/v2\/tags?post=36771"}],"curies":[{"name":"wp","href":"https:\/\/api.w.org\/{rel}","templated":true}]}}