{"id":36784,"date":"2026-09-02T20:06:25","date_gmt":"2026-09-02T23:06:25","guid":{"rendered":"https:\/\/www.portalmiradouro.com.br\/site\/?p=36784"},"modified":"2026-09-02T20:06:27","modified_gmt":"2026-09-02T23:06:27","slug":"homem-e-absolvido-pelo-tribunal-do-juri-apos-defesa-sustentar-legitima-defesa-em-caso-ocorrido-em-fervedouro","status":"publish","type":"post","link":"https:\/\/www.portalmiradouro.com.br\/site\/2026\/09\/02\/homem-e-absolvido-pelo-tribunal-do-juri-apos-defesa-sustentar-legitima-defesa-em-caso-ocorrido-em-fervedouro\/","title":{"rendered":"HOMEM \u00c9 ABSOLVIDO PELO TRIBUNAL DO J\u00daRI AP\u00d3S DEFESA SUSTENTAR LEG\u00cdTIMA DEFESA EM CASO OCORRIDO EM FERVEDOURO"},"content":{"rendered":"<p><a href=\"https:\/\/www.portalmiradouro.com.br\/site\/2026\/09\/02\/homem-e-absolvido-pelo-tribunal-do-juri-apos-defesa-sustentar-legitima-defesa-em-caso-ocorrido-em-fervedouro\/01-618\/\" rel=\"attachment wp-att-36785\"><img loading=\"lazy\" class=\"aligncenter size-full wp-image-36785\" src=\"https:\/\/www.portalmiradouro.com.br\/site\/wp-content\/uploads\/2026\/09\/01.jpeg\" alt=\"\" width=\"397\" height=\"527\" \/><\/a><\/p>\n<p style=\"text-align: center;\"><a href=\"https:\/\/www.portalmiradouro.com.br\/site\/2026\/09\/02\/homem-e-absolvido-pelo-tribunal-do-juri-apos-defesa-sustentar-legitima-defesa-em-caso-ocorrido-em-fervedouro\/0001-2\/\" rel=\"attachment wp-att-36787\"><img loading=\"lazy\" class=\"aligncenter size-full wp-image-36787\" src=\"https:\/\/www.portalmiradouro.com.br\/site\/wp-content\/uploads\/2026\/09\/0001.jpg\" alt=\"\" width=\"702\" height=\"527\" \/><\/a><\/p>\n<p><a href=\"https:\/\/www.portalmiradouro.com.br\/site\/2026\/09\/02\/homem-e-absolvido-pelo-tribunal-do-juri-apos-defesa-sustentar-legitima-defesa-em-caso-ocorrido-em-fervedouro\/01-619\/\" rel=\"attachment wp-att-36788\"><img loading=\"lazy\" class=\"aligncenter size-full wp-image-36788\" src=\"https:\/\/www.portalmiradouro.com.br\/site\/wp-content\/uploads\/2026\/09\/01.jpg\" alt=\"\" width=\"790\" height=\"444\" \/><\/a><\/p>\n<p><a href=\"https:\/\/www.portalmiradouro.com.br\/site\/2026\/09\/02\/homem-e-absolvido-pelo-tribunal-do-juri-apos-defesa-sustentar-legitima-defesa-em-caso-ocorrido-em-fervedouro\/attachment\/05565\/\" rel=\"attachment wp-att-36789\"><img loading=\"lazy\" class=\"aligncenter size-full wp-image-36789\" src=\"https:\/\/www.portalmiradouro.com.br\/site\/wp-content\/uploads\/2026\/09\/05565.jpg\" alt=\"\" width=\"702\" height=\"527\" \/><\/a><\/p>\n<p>&nbsp;<\/p>\n<p><span style=\"color: #000000;\">Um homem de 31 anos, identificado pelas iniciais J.C.B., foi absolvido pelo Tribunal do J\u00fari nesta quarta-feira, dia 2 de setembro, durante julgamento realizado no F\u00f3rum Doutor Xenofonte Mercadante, em Carangola. <\/span><span style=\"color: #000000;\">O caso julgado ocorreu no dia 7 de junho de 2018, por volta das 23h45, no C\u00f3rrego do Ba\u00fa, zona rural de Fervedouro. Na ocasi\u00e3o, um desentendimento terminou com E.C.R. atingido por um disparo de arma de fogo. <\/span><span style=\"color: #000000;\">O julgamento teve in\u00edcio por volta das 8h30 e terminou aproximadamente \u00e0s 14h30. <\/span><span style=\"color: #000000;\">Durante a sess\u00e3o, foram ouvidas as partes envolvidas e as testemunhas do caso.<\/span><\/p>\n<p><span style=\"color: #000000;\">A acusa\u00e7\u00e3o contou com a atua\u00e7\u00e3o da promotora de Justi\u00e7a Dra. Fl\u00e1via Cunha de Lima. J\u00e1 a defesa de J.C.B. foi realizada pelos advogados Dr. Jofran Oliveira, Dr. Agnaldo Aredes, Dr. Lucas Porcaro e Dr. Marcos Paladini.<\/span><\/p>\n<p><span style=\"color: #000000;\">Ap\u00f3s os debates entre acusa\u00e7\u00e3o e defesa, o Conselho de Senten\u00e7a acolheu a tese apresentada pela defesa e decidiu pela absolvi\u00e7\u00e3o do r\u00e9u.<\/span><\/p>\n<h5><span style=\"color: #ff0000;\"><strong>CONTINUE LENDO CLICANDO EM\u00a0<\/strong><\/span> <!--more--><\/h5>\n<p><span style=\"color: #0000ff;\"><strong>ENTENDA O CASO<\/strong><\/span><\/p>\n<p><span style=\"color: #000000;\">De acordo com os fatos apresentados durante o julgamento, na noite de 7 de junho de 2018 acontecia uma festa no C\u00f3rrego do Ba\u00fa, comunidade localizada na zona rural de Fervedouro.<\/span><\/p>\n<p><span style=\"color: #000000;\">Segundo a vers\u00e3o apresentada pela defesa, J.C.B. teria percebido que sua irm\u00e3 estava pedindo ajuda ap\u00f3s relatar que E.C.R. teria tocado suas partes \u00edntimas sem consentimento, em uma \u00e1rea localizada atr\u00e1s de uma igreja da comunidade. <\/span><span style=\"color: #000000;\">Diante da situa\u00e7\u00e3o, o irm\u00e3o teria puxado a jovem para retir\u00e1-la do local. Ainda segundo os relatos apresentados no processo, nesse momento teria ocorrido um desentendimento, e E.C.R. teria desferido um soco contra J.C.B. <\/span><span style=\"color: #000000;\">Os dois entraram em luta corporal, sendo a confus\u00e3o posteriormente contida por outras pessoas que estavam no local.<\/span><\/p>\n<p><span style=\"color: #000000;\">Ap\u00f3s o primeiro confronto, conforme a tese defensiva, J.C.B. teria conseguido uma arma de fogo emprestada por temer uma nova agress\u00e3o. <\/span><span style=\"color: #000000;\">Mais tarde, quando estaria deixando a festa, o acusado teria sido cercado por E.C.R. e outros jovens, quando uma nova briga come\u00e7ou.<\/span><\/p>\n<p><span style=\"color: #000000;\">A defesa sustentou durante o julgamento que J.C.B. foi agredido e atingido por um golpe de arma branca. Temendo pela pr\u00f3pria vida, ele teria sacado a arma de fogo e efetuado um disparo, que atingiu E.C.R. na regi\u00e3o das costas. <\/span><span style=\"color: #000000;\">Ap\u00f3s o ocorrido, J.C.B. deixou o local e procurou atendimento m\u00e9dico no Hospital S\u00e3o Paulo, em Muria\u00e9, em raz\u00e3o dos ferimentos sofridos. J\u00e1 E.C.R. foi socorrido e encaminhado para atendimento hospitalar em Carangola. <\/span><span style=\"color: #000000;\">Durante o Tribunal do J\u00fari desta quarta-feira, os advogados sustentaram que o disparo ocorreu em circunst\u00e2ncias de leg\u00edtima defesa. <\/span><\/p>\n<p><span style=\"color: #000000;\">Ap\u00f3s aproximadamente seis horas de julgamento, os jurados acolheram a tese defensiva e absolveram J.C.B.<\/span><\/p>\n<p><span style=\"color: #000000;\">Fonte: Portal Miradouro<\/span><br \/>\n<span style=\"color: #000000;\">O seu portal de not\u00edcias<\/span><\/p>\n","protected":false},"excerpt":{"rendered":"<p>&nbsp; Um homem de 31 anos, identificado pelas iniciais J.C.B., foi absolvido pelo Tribunal do J\u00fari nesta quarta-feira, dia 2 de setembro, durante julgamento realizado no F\u00f3rum Doutor Xenofonte Mercadante, em Carangola. O caso julgado ocorreu no dia 7 de junho de 2018, por volta das 23h45, no C\u00f3rrego do Ba\u00fa, zona rural de Fervedouro. Na ocasi\u00e3o, um desentendimento terminou com E.C.R. atingido por um disparo de arma de fogo. O julgamento teve in\u00edcio por volta das 8h30 e terminou aproximadamente \u00e0s 14h30. Durante a sess\u00e3o, foram ouvidas as partes envolvidas e as testemunhas do caso. A acusa\u00e7\u00e3o contou com a atua\u00e7\u00e3o da promotora de Justi\u00e7a Dra. Fl\u00e1via Cunha de Lima. J\u00e1 a defesa de J.C.B. foi realizada pelos advogados Dr. Jofran Oliveira, Dr. Agnaldo Aredes, Dr. Lucas Porcaro e Dr. Marcos Paladini. Ap\u00f3s os debates entre acusa\u00e7\u00e3o e defesa, o Conselho de Senten\u00e7a acolheu a tese apresentada pela defesa e decidiu pela absolvi\u00e7\u00e3o do r\u00e9u. CONTINUE LENDO CLICANDO EM\u00a0<\/p>\n","protected":false},"author":2,"featured_media":36786,"comment_status":"open","ping_status":"open","sticky":false,"template":"","format":"standard","meta":{"advgb_blocks_editor_width":"","advgb_blocks_columns_visual_guide":""},"categories":[1,935],"tags":[3916,238,3917,1052],"author_meta":{"display_name":"Portal Miradouro","author_link":"https:\/\/www.portalmiradouro.com.br\/site\/author\/portal\/"},"featured_img":"https:\/\/www.portalmiradouro.com.br\/site\/wp-content\/uploads\/2026\/09\/03232-300x225.jpeg","yoast_head":"<!-- This site is optimized with the Yoast SEO plugin v17.7.1 - https:\/\/yoast.com\/wordpress\/plugins\/seo\/ -->\n<title>HOMEM \u00c9 ABSOLVIDO PELO TRIBUNAL DO J\u00daRI AP\u00d3S DEFESA SUSTENTAR LEG\u00cdTIMA DEFESA EM CASO OCORRIDO EM FERVEDOURO - Portal Miradouro<\/title>\n<meta name=\"description\" content=\"HOMEM \u00c9 ABSOLVIDO PELO TRIBUNAL DO J\u00daRI AP\u00d3S DEFESA SUSTENTAR LEG\u00cdTIMA DEFESA EM CASO OCORRIDO EM FERVEDOURO\" \/>\n<meta name=\"robots\" content=\"index, follow, max-snippet:-1, max-image-preview:large, max-video-preview:-1\" \/>\n<link rel=\"canonical\" href=\"https:\/\/www.portalmiradouro.com.br\/site\/2026\/09\/02\/homem-e-absolvido-pelo-tribunal-do-juri-apos-defesa-sustentar-legitima-defesa-em-caso-ocorrido-em-fervedouro\/\" \/>\n<meta property=\"og:locale\" content=\"pt_BR\" \/>\n<meta property=\"og:type\" content=\"article\" \/>\n<meta property=\"og:title\" content=\"HOMEM \u00c9 ABSOLVIDO PELO TRIBUNAL DO J\u00daRI AP\u00d3S DEFESA SUSTENTAR LEG\u00cdTIMA DEFESA EM CASO OCORRIDO EM FERVEDOURO - Portal Miradouro\" \/>\n<meta property=\"og:description\" content=\"HOMEM \u00c9 ABSOLVIDO PELO TRIBUNAL DO J\u00daRI AP\u00d3S DEFESA SUSTENTAR LEG\u00cdTIMA DEFESA EM CASO OCORRIDO EM FERVEDOURO\" \/>\n<meta property=\"og:url\" content=\"https:\/\/www.portalmiradouro.com.br\/site\/2026\/09\/02\/homem-e-absolvido-pelo-tribunal-do-juri-apos-defesa-sustentar-legitima-defesa-em-caso-ocorrido-em-fervedouro\/\" \/>\n<meta property=\"og:site_name\" content=\"Portal Miradouro\" \/>\n<meta property=\"article:publisher\" content=\"https:\/\/www.facebook.com\/portalmiradouro2020\" \/>\n<meta property=\"article:author\" content=\"https:\/\/www.facebook.com\/Portalmiradouro.com.br\" \/>\n<meta property=\"article:published_time\" content=\"2026-09-02T23:06:25+00:00\" \/>\n<meta property=\"article:modified_time\" content=\"2026-09-02T23:06:27+00:00\" \/>\n<meta property=\"og:image\" content=\"https:\/\/www.portalmiradouro.com.br\/site\/wp-content\/uploads\/2026\/09\/03232.jpeg\" \/>\n\t<meta property=\"og:image:width\" content=\"702\" \/>\n\t<meta property=\"og:image:height\" content=\"527\" \/>\n<meta name=\"twitter:card\" content=\"summary_large_image\" \/>\n<meta name=\"twitter:label1\" content=\"Written by\" \/>\n\t<meta name=\"twitter:data1\" content=\"Portal Miradouro\" \/>\n\t<meta name=\"twitter:label2\" content=\"Est. reading time\" \/>\n\t<meta name=\"twitter:data2\" content=\"2 minutos\" \/>\n<script type=\"application\/ld+json\" class=\"yoast-schema-graph\">{\"@context\":\"https:\/\/schema.org\",\"@graph\":[{\"@type\":\"WebSite\",\"@id\":\"https:\/\/www.portalmiradouro.com.br\/site\/#website\",\"url\":\"https:\/\/www.portalmiradouro.com.br\/site\/\",\"name\":\"Portal Miradouro\",\"description\":\"O seu portal de not\\u00edcias\",\"potentialAction\":[{\"@type\":\"SearchAction\",\"target\":{\"@type\":\"EntryPoint\",\"urlTemplate\":\"https:\/\/www.portalmiradouro.com.br\/site\/?s={search_term_string}\"},\"query-input\":\"required name=search_term_string\"}],\"inLanguage\":\"pt-BR\"},{\"@type\":\"ImageObject\",\"@id\":\"https:\/\/www.portalmiradouro.com.br\/site\/2026\/09\/02\/homem-e-absolvido-pelo-tribunal-do-juri-apos-defesa-sustentar-legitima-defesa-em-caso-ocorrido-em-fervedouro\/#primaryimage\",\"inLanguage\":\"pt-BR\",\"url\":\"https:\/\/www.portalmiradouro.com.br\/site\/wp-content\/uploads\/2026\/09\/03232.jpeg\",\"contentUrl\":\"https:\/\/www.portalmiradouro.com.br\/site\/wp-content\/uploads\/2026\/09\/03232.jpeg\",\"width\":702,\"height\":527},{\"@type\":\"WebPage\",\"@id\":\"https:\/\/www.portalmiradouro.com.br\/site\/2026\/09\/02\/homem-e-absolvido-pelo-tribunal-do-juri-apos-defesa-sustentar-legitima-defesa-em-caso-ocorrido-em-fervedouro\/#webpage\",\"url\":\"https:\/\/www.portalmiradouro.com.br\/site\/2026\/09\/02\/homem-e-absolvido-pelo-tribunal-do-juri-apos-defesa-sustentar-legitima-defesa-em-caso-ocorrido-em-fervedouro\/\",\"name\":\"HOMEM \\u00c9 ABSOLVIDO PELO TRIBUNAL DO J\\u00daRI AP\\u00d3S DEFESA SUSTENTAR LEG\\u00cdTIMA DEFESA EM CASO OCORRIDO EM FERVEDOURO - Portal Miradouro\",\"isPartOf\":{\"@id\":\"https:\/\/www.portalmiradouro.com.br\/site\/#website\"},\"primaryImageOfPage\":{\"@id\":\"https:\/\/www.portalmiradouro.com.br\/site\/2026\/09\/02\/homem-e-absolvido-pelo-tribunal-do-juri-apos-defesa-sustentar-legitima-defesa-em-caso-ocorrido-em-fervedouro\/#primaryimage\"},\"datePublished\":\"2026-09-02T23:06:25+00:00\",\"dateModified\":\"2026-09-02T23:06:27+00:00\",\"author\":{\"@id\":\"https:\/\/www.portalmiradouro.com.br\/site\/#\/schema\/person\/4cc54eb1e2669057670c45f0992e49e6\"},\"description\":\"HOMEM \\u00c9 ABSOLVIDO PELO TRIBUNAL DO J\\u00daRI AP\\u00d3S DEFESA SUSTENTAR LEG\\u00cdTIMA DEFESA EM CASO OCORRIDO EM FERVEDOURO\",\"breadcrumb\":{\"@id\":\"https:\/\/www.portalmiradouro.com.br\/site\/2026\/09\/02\/homem-e-absolvido-pelo-tribunal-do-juri-apos-defesa-sustentar-legitima-defesa-em-caso-ocorrido-em-fervedouro\/#breadcrumb\"},\"inLanguage\":\"pt-BR\",\"potentialAction\":[{\"@type\":\"ReadAction\",\"target\":[\"https:\/\/www.portalmiradouro.com.br\/site\/2026\/09\/02\/homem-e-absolvido-pelo-tribunal-do-juri-apos-defesa-sustentar-legitima-defesa-em-caso-ocorrido-em-fervedouro\/\"]}]},{\"@type\":\"BreadcrumbList\",\"@id\":\"https:\/\/www.portalmiradouro.com.br\/site\/2026\/09\/02\/homem-e-absolvido-pelo-tribunal-do-juri-apos-defesa-sustentar-legitima-defesa-em-caso-ocorrido-em-fervedouro\/#breadcrumb\",\"itemListElement\":[{\"@type\":\"ListItem\",\"position\":1,\"name\":\"Home\",\"item\":\"https:\/\/www.portalmiradouro.com.br\/site\/\"},{\"@type\":\"ListItem\",\"position\":2,\"name\":\"HOMEM \\u00c9 ABSOLVIDO PELO TRIBUNAL DO J\\u00daRI AP\\u00d3S DEFESA SUSTENTAR LEG\\u00cdTIMA DEFESA EM CASO OCORRIDO EM FERVEDOURO\"}]},{\"@type\":\"Person\",\"@id\":\"https:\/\/www.portalmiradouro.com.br\/site\/#\/schema\/person\/4cc54eb1e2669057670c45f0992e49e6\",\"name\":\"Portal Miradouro\",\"image\":{\"@type\":\"ImageObject\",\"@id\":\"https:\/\/www.portalmiradouro.com.br\/site\/#personlogo\",\"inLanguage\":\"pt-BR\",\"url\":\"https:\/\/secure.gravatar.com\/avatar\/183be5e806e4db6ca84a30fef12e1fcb?s=96&d=mm&r=g\",\"contentUrl\":\"https:\/\/secure.gravatar.com\/avatar\/183be5e806e4db6ca84a30fef12e1fcb?s=96&d=mm&r=g\",\"caption\":\"Portal Miradouro\"},\"sameAs\":[\"http:\/\/www.portalmiradouro.com.br\",\"https:\/\/www.facebook.com\/Portalmiradouro.com.br\",\"https:\/\/www.instagram.com\/portalmiradouro\/\",\"https:\/\/www.linkedin.com\/in\/portal-miradouro-56171b126\/\",\"https:\/\/www.youtube.com\/channel\/UCxin3iT2BCsLZneNCXn2I4w\"],\"url\":\"https:\/\/www.portalmiradouro.com.br\/site\/author\/portal\/\"}]}<\/script>\n<!-- \/ Yoast SEO plugin. -->","yoast_head_json":{"title":"HOMEM \u00c9 ABSOLVIDO PELO TRIBUNAL DO J\u00daRI AP\u00d3S DEFESA SUSTENTAR LEG\u00cdTIMA DEFESA EM CASO OCORRIDO EM FERVEDOURO - Portal Miradouro","description":"HOMEM \u00c9 ABSOLVIDO PELO TRIBUNAL DO J\u00daRI AP\u00d3S DEFESA SUSTENTAR LEG\u00cdTIMA DEFESA EM CASO OCORRIDO EM FERVEDOURO","robots":{"index":"index","follow":"follow","max-snippet":"max-snippet:-1","max-image-preview":"max-image-preview:large","max-video-preview":"max-video-preview:-1"},"canonical":"https:\/\/www.portalmiradouro.com.br\/site\/2026\/09\/02\/homem-e-absolvido-pelo-tribunal-do-juri-apos-defesa-sustentar-legitima-defesa-em-caso-ocorrido-em-fervedouro\/","og_locale":"pt_BR","og_type":"article","og_title":"HOMEM \u00c9 ABSOLVIDO PELO TRIBUNAL DO J\u00daRI AP\u00d3S DEFESA SUSTENTAR LEG\u00cdTIMA DEFESA EM CASO OCORRIDO EM FERVEDOURO - Portal Miradouro","og_description":"HOMEM \u00c9 ABSOLVIDO PELO TRIBUNAL DO J\u00daRI AP\u00d3S DEFESA SUSTENTAR LEG\u00cdTIMA DEFESA EM CASO OCORRIDO EM FERVEDOURO","og_url":"https:\/\/www.portalmiradouro.com.br\/site\/2026\/09\/02\/homem-e-absolvido-pelo-tribunal-do-juri-apos-defesa-sustentar-legitima-defesa-em-caso-ocorrido-em-fervedouro\/","og_site_name":"Portal Miradouro","article_publisher":"https:\/\/www.facebook.com\/portalmiradouro2020","article_author":"https:\/\/www.facebook.com\/Portalmiradouro.com.br","article_published_time":"2026-09-02T23:06:25+00:00","article_modified_time":"2026-09-02T23:06:27+00:00","og_image":[{"width":702,"height":527,"url":"https:\/\/www.portalmiradouro.com.br\/site\/wp-content\/uploads\/2026\/09\/03232.jpeg","type":"image\/jpeg"}],"twitter_card":"summary_large_image","twitter_misc":{"Written by":"Portal Miradouro","Est. reading time":"2 minutos"},"schema":{"@context":"https:\/\/schema.org","@graph":[{"@type":"WebSite","@id":"https:\/\/www.portalmiradouro.com.br\/site\/#website","url":"https:\/\/www.portalmiradouro.com.br\/site\/","name":"Portal Miradouro","description":"O seu portal de not\u00edcias","potentialAction":[{"@type":"SearchAction","target":{"@type":"EntryPoint","urlTemplate":"https:\/\/www.portalmiradouro.com.br\/site\/?s={search_term_string}"},"query-input":"required name=search_term_string"}],"inLanguage":"pt-BR"},{"@type":"ImageObject","@id":"https:\/\/www.portalmiradouro.com.br\/site\/2026\/09\/02\/homem-e-absolvido-pelo-tribunal-do-juri-apos-defesa-sustentar-legitima-defesa-em-caso-ocorrido-em-fervedouro\/#primaryimage","inLanguage":"pt-BR","url":"https:\/\/www.portalmiradouro.com.br\/site\/wp-content\/uploads\/2026\/09\/03232.jpeg","contentUrl":"https:\/\/www.portalmiradouro.com.br\/site\/wp-content\/uploads\/2026\/09\/03232.jpeg","width":702,"height":527},{"@type":"WebPage","@id":"https:\/\/www.portalmiradouro.com.br\/site\/2026\/09\/02\/homem-e-absolvido-pelo-tribunal-do-juri-apos-defesa-sustentar-legitima-defesa-em-caso-ocorrido-em-fervedouro\/#webpage","url":"https:\/\/www.portalmiradouro.com.br\/site\/2026\/09\/02\/homem-e-absolvido-pelo-tribunal-do-juri-apos-defesa-sustentar-legitima-defesa-em-caso-ocorrido-em-fervedouro\/","name":"HOMEM \u00c9 ABSOLVIDO PELO TRIBUNAL DO J\u00daRI AP\u00d3S DEFESA SUSTENTAR LEG\u00cdTIMA DEFESA EM CASO OCORRIDO EM FERVEDOURO - Portal Miradouro","isPartOf":{"@id":"https:\/\/www.portalmiradouro.com.br\/site\/#website"},"primaryImageOfPage":{"@id":"https:\/\/www.portalmiradouro.com.br\/site\/2026\/09\/02\/homem-e-absolvido-pelo-tribunal-do-juri-apos-defesa-sustentar-legitima-defesa-em-caso-ocorrido-em-fervedouro\/#primaryimage"},"datePublished":"2026-09-02T23:06:25+00:00","dateModified":"2026-09-02T23:06:27+00:00","author":{"@id":"https:\/\/www.portalmiradouro.com.br\/site\/#\/schema\/person\/4cc54eb1e2669057670c45f0992e49e6"},"description":"HOMEM \u00c9 ABSOLVIDO PELO TRIBUNAL DO J\u00daRI AP\u00d3S DEFESA SUSTENTAR LEG\u00cdTIMA DEFESA EM CASO OCORRIDO EM FERVEDOURO","breadcrumb":{"@id":"https:\/\/www.portalmiradouro.com.br\/site\/2026\/09\/02\/homem-e-absolvido-pelo-tribunal-do-juri-apos-defesa-sustentar-legitima-defesa-em-caso-ocorrido-em-fervedouro\/#breadcrumb"},"inLanguage":"pt-BR","potentialAction":[{"@type":"ReadAction","target":["https:\/\/www.portalmiradouro.com.br\/site\/2026\/09\/02\/homem-e-absolvido-pelo-tribunal-do-juri-apos-defesa-sustentar-legitima-defesa-em-caso-ocorrido-em-fervedouro\/"]}]},{"@type":"BreadcrumbList","@id":"https:\/\/www.portalmiradouro.com.br\/site\/2026\/09\/02\/homem-e-absolvido-pelo-tribunal-do-juri-apos-defesa-sustentar-legitima-defesa-em-caso-ocorrido-em-fervedouro\/#breadcrumb","itemListElement":[{"@type":"ListItem","position":1,"name":"Home","item":"https:\/\/www.portalmiradouro.com.br\/site\/"},{"@type":"ListItem","position":2,"name":"HOMEM \u00c9 ABSOLVIDO PELO TRIBUNAL DO J\u00daRI AP\u00d3S DEFESA SUSTENTAR LEG\u00cdTIMA DEFESA EM CASO OCORRIDO EM FERVEDOURO"}]},{"@type":"Person","@id":"https:\/\/www.portalmiradouro.com.br\/site\/#\/schema\/person\/4cc54eb1e2669057670c45f0992e49e6","name":"Portal Miradouro","image":{"@type":"ImageObject","@id":"https:\/\/www.portalmiradouro.com.br\/site\/#personlogo","inLanguage":"pt-BR","url":"https:\/\/secure.gravatar.com\/avatar\/183be5e806e4db6ca84a30fef12e1fcb?s=96&d=mm&r=g","contentUrl":"https:\/\/secure.gravatar.com\/avatar\/183be5e806e4db6ca84a30fef12e1fcb?s=96&d=mm&r=g","caption":"Portal Miradouro"},"sameAs":["http:\/\/www.portalmiradouro.com.br","https:\/\/www.facebook.com\/Portalmiradouro.com.br","https:\/\/www.instagram.com\/portalmiradouro\/","https:\/\/www.linkedin.com\/in\/portal-miradouro-56171b126\/","https:\/\/www.youtube.com\/channel\/UCxin3iT2BCsLZneNCXn2I4w"],"url":"https:\/\/www.portalmiradouro.com.br\/site\/author\/portal\/"}]}},"coauthors":[],"tax_additional":{"categories":{"linked":["<a href=\"https:\/\/www.portalmiradouro.com.br\/site\/category\/portal\/\" class=\"advgb-post-tax-term\">Destaque<\/a>","<a href=\"https:\/\/www.portalmiradouro.com.br\/site\/category\/giro-policial\/\" class=\"advgb-post-tax-term\">GIRO POLICIAL<\/a>"],"unlinked":["<span class=\"advgb-post-tax-term\">Destaque<\/span>","<span class=\"advgb-post-tax-term\">GIRO POLICIAL<\/span>"]},"tags":{"linked":["<a href=\"https:\/\/www.portalmiradouro.com.br\/site\/category\/giro-policial\/\" class=\"advgb-post-tax-term\">ABSOLVIDO<\/a>","<a href=\"https:\/\/www.portalmiradouro.com.br\/site\/category\/giro-policial\/\" class=\"advgb-post-tax-term\">Crime<\/a>","<a href=\"https:\/\/www.portalmiradouro.com.br\/site\/category\/giro-policial\/\" class=\"advgb-post-tax-term\">FOR\u00daM DE CARANGOLA<\/a>","<a href=\"https:\/\/www.portalmiradouro.com.br\/site\/category\/giro-policial\/\" class=\"advgb-post-tax-term\">TENTATIVA DE HOMIC\u00cdDIO<\/a>"],"unlinked":["<span class=\"advgb-post-tax-term\">ABSOLVIDO<\/span>","<span class=\"advgb-post-tax-term\">Crime<\/span>","<span class=\"advgb-post-tax-term\">FOR\u00daM DE CARANGOLA<\/span>","<span class=\"advgb-post-tax-term\">TENTATIVA DE HOMIC\u00cdDIO<\/span>"]}},"comment_count":"0","relative_dates":{"created":"Posted 10 horas ago","modified":"Updated 10 horas ago"},"absolute_dates":{"created":"Posted on 2 de setembro de 2026","modified":"Updated on 2 de setembro de 2026"},"absolute_dates_time":{"created":"Posted on 2 de setembro de 2026 20:06","modified":"Updated on 2 de setembro de 2026 20:06"},"featured_img_caption":"","_links":{"self":[{"href":"https:\/\/www.portalmiradouro.com.br\/site\/wp-json\/wp\/v2\/posts\/36784"}],"collection":[{"href":"https:\/\/www.portalmiradouro.com.br\/site\/wp-json\/wp\/v2\/posts"}],"about":[{"href":"https:\/\/www.portalmiradouro.com.br\/site\/wp-json\/wp\/v2\/types\/post"}],"author":[{"embeddable":true,"href":"https:\/\/www.portalmiradouro.com.br\/site\/wp-json\/wp\/v2\/users\/2"}],"replies":[{"embeddable":true,"href":"https:\/\/www.portalmiradouro.com.br\/site\/wp-json\/wp\/v2\/comments?post=36784"}],"version-history":[{"count":2,"href":"https:\/\/www.portalmiradouro.com.br\/site\/wp-json\/wp\/v2\/posts\/36784\/revisions"}],"predecessor-version":[{"id":36791,"href":"https:\/\/www.portalmiradouro.com.br\/site\/wp-json\/wp\/v2\/posts\/36784\/revisions\/36791"}],"wp:featuredmedia":[{"embeddable":true,"href":"https:\/\/www.portalmiradouro.com.br\/site\/wp-json\/wp\/v2\/media\/36786"}],"wp:attachment":[{"href":"https:\/\/www.portalmiradouro.com.br\/site\/wp-json\/wp\/v2\/media?parent=36784"}],"wp:term":[{"taxonomy":"category","embeddable":true,"href":"https:\/\/www.portalmiradouro.com.br\/site\/wp-json\/wp\/v2\/categories?post=36784"},{"taxonomy":"post_tag","embeddable":true,"href":"https:\/\/www.portalmiradouro.com.br\/site\/wp-json\/wp\/v2\/tags?post=36784"}],"curies":[{"name":"wp","href":"https:\/\/api.w.org\/{rel}","templated":true}]}}